{"id":5774,"date":"2020-09-03T17:19:52","date_gmt":"2020-09-03T16:19:52","guid":{"rendered":"https:\/\/www.feuerwehrkostheim.de\/?p=5774"},"modified":"2020-09-17T18:28:12","modified_gmt":"2020-09-17T17:28:12","slug":"jahreshauptversammlungen-abgesagt-doppelversammlung-im-naechsten-jahr-anvisiert","status":"publish","type":"post","link":"https:\/\/www.feuerwehrkostheim.de\/?p=5774","title":{"rendered":"Jahreshauptversammlungen abgesagt &#8211; Doppelversammlung im n\u00e4chsten Jahr anvisiert"},"content":{"rendered":"<p><img decoding=\"async\" class=\"size-medium wp-image-5772 alignright\" style=\"border: 4px solid #D8D8D8;\" src=\"https:\/\/www.feuerwehrkostheim.de\/wp-content\/uploads\/2020\/09\/Absage-210x300.png\" alt=\"\" height=\"300\" srcset=\"https:\/\/www.feuerwehrkostheim.de\/wp-content\/uploads\/2020\/09\/Absage-210x300.png 210w, https:\/\/www.feuerwehrkostheim.de\/wp-content\/uploads\/2020\/09\/Absage.png 299w\" sizes=\"(max-width: 210px) 100vw, 210px\" \/>Die Verantwortlichen der Feuerwehr Kostheim haben beschlossen, auch die zweite Ansetzung der Jahreshauptversammlungen f\u00fcr die Einsatzabteilung sowie dem Verein, f\u00fcr die am 13. September eingeladen war, abzusagen.<\/p>\n<p>Die Gr\u00fcnde hierf\u00fcr sind, trotz der wieder leicht r\u00fcckl\u00e4ufigen Infektionszahlen, die von der Stadt Wiesbaden erlassenen Verordnungen, worunter auch die Versammlungsbegrenzungen fallen.<\/p>\n<p>Man will kein Risiko eingehen und hat sich deshalb entschieden, im kommenden Jahr jeweils eine Doppelversammlung anzustreben, in denen dann die Jahre 2019 und 2020 behandelt werden.<\/p>\n<p>Im Bereich des F\u00f6rdervereins m\u00f6chte der Vorstand dar\u00fcber informieren, dass schon im Vorfeld der zuerst geplanten Jahreshauptversammlung im M\u00e4rz die Kassenpr\u00fcfung ohne Beanstandungen der Revisoren stattgefunden hat. Der Revisionsbericht kann auf Anfrage eingesehen werden.<\/p>\n<p>Wehr- und Vereinsf\u00fchrung hoffen auf das Verst\u00e4ndnis bei allen Mitgliedern.<\/p>\n<p>&nbsp;<\/p>\n","protected":false},"excerpt":{"rendered":"<p>Die Verantwortlichen der Feuerwehr Kostheim haben beschlossen, auch die zweite Ansetzung der Jahreshauptversammlungen f\u00fcr die Einsatzabteilung sowie dem Verein, f\u00fcr die am 13. September eingeladen war, abzusagen. Die Gr\u00fcnde hierf\u00fcr sind, trotz der wieder leicht r\u00fcckl\u00e4ufigen Infektionszahlen, die von der Stadt Wiesbaden erlassenen Verordnungen, worunter auch die Versammlungsbegrenzungen fallen. Man will kein Risiko eingehen und [&hellip;]<\/p>\n","protected":false},"author":1,"featured_media":0,"comment_status":"closed","ping_status":"open","sticky":false,"template":"","format":"standard","meta":{"_et_pb_use_builder":"","_et_pb_old_content":"","_et_gb_content_width":"","_crdt_document":"","footnotes":""},"categories":[1],"tags":[1338,1327,1362,1318,191,1091,192],"class_list":["post-5774","post","type-post","status-publish","format-standard","hentry","category-allgemein","tag-wirfuerwiesbaden","tag-zusammengegencorona","tag-abgesagt","tag-corona","tag-jahreshauptversammlung","tag-jhv","tag-versammlung"],"_links":{"self":[{"href":"https:\/\/www.feuerwehrkostheim.de\/index.php?rest_route=\/wp\/v2\/posts\/5774","targetHints":{"allow":["GET"]}}],"collection":[{"href":"https:\/\/www.feuerwehrkostheim.de\/index.php?rest_route=\/wp\/v2\/posts"}],"about":[{"href":"https:\/\/www.feuerwehrkostheim.de\/index.php?rest_route=\/wp\/v2\/types\/post"}],"author":[{"embeddable":true,"href":"https:\/\/www.feuerwehrkostheim.de\/index.php?rest_route=\/wp\/v2\/users\/1"}],"replies":[{"embeddable":true,"href":"https:\/\/www.feuerwehrkostheim.de\/index.php?rest_route=%2Fwp%2Fv2%2Fcomments&post=5774"}],"version-history":[{"count":1,"href":"https:\/\/www.feuerwehrkostheim.de\/index.php?rest_route=\/wp\/v2\/posts\/5774\/revisions"}],"predecessor-version":[{"id":5775,"href":"https:\/\/www.feuerwehrkostheim.de\/index.php?rest_route=\/wp\/v2\/posts\/5774\/revisions\/5775"}],"wp:attachment":[{"href":"https:\/\/www.feuerwehrkostheim.de\/index.php?rest_route=%2Fwp%2Fv2%2Fmedia&parent=5774"}],"wp:term":[{"taxonomy":"category","embeddable":true,"href":"https:\/\/www.feuerwehrkostheim.de\/index.php?rest_route=%2Fwp%2Fv2%2Fcategories&post=5774"},{"taxonomy":"post_tag","embeddable":true,"href":"https:\/\/www.feuerwehrkostheim.de\/index.php?rest_route=%2Fwp%2Fv2%2Ftags&post=5774"}],"curies":[{"name":"wp","href":"https:\/\/api.w.org\/{rel}","templated":true}]}}