{"id":5768,"date":"2020-08-28T15:13:53","date_gmt":"2020-08-28T14:13:53","guid":{"rendered":"https:\/\/www.feuerwehrkostheim.de\/?p=5768"},"modified":"2020-08-28T15:13:53","modified_gmt":"2020-08-28T14:13:53","slug":"richtig-parken-kann-leben-retten","status":"publish","type":"post","link":"https:\/\/www.feuerwehrkostheim.de\/?p=5768","title":{"rendered":"Richtig parken kann Leben retten"},"content":{"rendered":"<p><a href=\"https:\/\/www.feuerwehrkostheim.de\/wp-content\/uploads\/2020\/08\/20200825_Parken1.jpg\" target=\"_blank\" rel=\"noopener noreferrer\"><img decoding=\"async\" class=\"alignright size-medium wp-image-5767\" style=\"border: 4px solid #D8D8D8;\" src=\"https:\/\/www.feuerwehrkostheim.de\/wp-content\/uploads\/2020\/08\/20200825_Parken1-300x225.jpg\" alt=\"\" height=\"225\" srcset=\"https:\/\/www.feuerwehrkostheim.de\/wp-content\/uploads\/2020\/08\/20200825_Parken1-300x225.jpg 300w, https:\/\/www.feuerwehrkostheim.de\/wp-content\/uploads\/2020\/08\/20200825_Parken1-1024x768.jpg 1024w, https:\/\/www.feuerwehrkostheim.de\/wp-content\/uploads\/2020\/08\/20200825_Parken1-768x576.jpg 768w, https:\/\/www.feuerwehrkostheim.de\/wp-content\/uploads\/2020\/08\/20200825_Parken1-1536x1152.jpg 1536w, https:\/\/www.feuerwehrkostheim.de\/wp-content\/uploads\/2020\/08\/20200825_Parken1.jpg 2016w\" sizes=\"(max-width: 300px) 100vw, 300px\" \/><\/a>Aus gegebenem Anlass m\u00f6chte die Feuerwehr Kostheim an dieser Stelle noch einmal eindringlich einen Appell an alle Fahrer richten, die Ihre Fahrzeuge in den Stra\u00dfen Kostheims zum Parken abstellen. Bedingt durch die Gro\u00dfbaustellen im gesamten Ortsgebiet und dem damit verbundenen Wegfall der \u00fcblichen Parkpl\u00e4tze, kommt es immer mehr zu Behinderungen durch widerrechtlich abgestellte Fahrzeuge und Anh\u00e4nger.<\/p>\n<p>Die ohnehin schon kritische Situation \u2013 besonders im alten Ortskern \u2013 wird durch die Vollsperrung der Hauptstra\u00dfe in H\u00f6he der Margarethenstra\u00dfe noch einmal signifikant versch\u00e4rft. So ist f\u00fcr die Rettungskr\u00e4fte in Notf\u00e4llen aktuell die Anfahrt f\u00fcr den Bereich der n\u00f6rdlichen Hauptstra\u00dfe, samt der angrenzenden Wohnviertel (z.b. Bruchstra\u00dfe, An der Kieskaut etc.), nur \u00fcber die Mathildenstra\u00dfe oder die M\u00fcnchofstra\u00dfe m\u00f6glich.<\/p>\n<p style=\"text-align: left;\"><a href=\"https:\/\/www.feuerwehrkostheim.de\/wp-content\/uploads\/2020\/08\/2020-08-26-Parkbehinderung-BF-scaled.jpg\" target=\"_blank\" rel=\"noopener noreferrer\"><img decoding=\"async\" class=\"size-medium wp-image-5766 alignleft\" style=\"border: 4px solid #D8D8D8;\" src=\"https:\/\/www.feuerwehrkostheim.de\/wp-content\/uploads\/2020\/08\/2020-08-26-Parkbehinderung-BF-300x199.jpg\" alt=\"\" height=\"199\" srcset=\"https:\/\/www.feuerwehrkostheim.de\/wp-content\/uploads\/2020\/08\/2020-08-26-Parkbehinderung-BF-300x199.jpg 300w, https:\/\/www.feuerwehrkostheim.de\/wp-content\/uploads\/2020\/08\/2020-08-26-Parkbehinderung-BF-1024x679.jpg 1024w, https:\/\/www.feuerwehrkostheim.de\/wp-content\/uploads\/2020\/08\/2020-08-26-Parkbehinderung-BF-768x509.jpg 768w, https:\/\/www.feuerwehrkostheim.de\/wp-content\/uploads\/2020\/08\/2020-08-26-Parkbehinderung-BF-1536x1019.jpg 1536w, https:\/\/www.feuerwehrkostheim.de\/wp-content\/uploads\/2020\/08\/2020-08-26-Parkbehinderung-BF-2048x1358.jpg 2048w\" sizes=\"(max-width: 300px) 100vw, 300px\" \/><\/a>Durch die Einbahnregelung in der M\u00fcnchhofstra\u00dfe sowie die Parksituation in der Mathildenstra\u00dfe (speziell der Abschnitt zwischen Schulstra\u00dfe und Hauptstra\u00dfe) ist im Einsatzfall kein ungehindertes Anfahren m\u00f6glicher Einsatzstellen m\u00f6glich. Schon am Mittwochabend hatte der L\u00f6schzug der Berufsfeuerwehr massive Probleme, auf seiner Anfahrt zur Fa. Essity durch die Mathildenstra\u00dfe zu fahren. Das L\u00f6schfahrzeug und die Drehleiter konnten aufgrund der auf dem Gehweg geparkten Fahrzeuge nicht ungehindert durchfahren. Wertvolle Zeit wurde somit unn\u00f6tig vergeudet.<\/p>\n<p>Weiterhin bereitet das zunehmende Abstellen von Liefer- und Firmenfahrzeugen gro\u00dfe Probleme. Diese Fahrzeuge sind teilweise erheblich gr\u00f6\u00dfer \u2013 in L\u00e4nge, Breite und H\u00f6he &#8211; wodurch es zu zus\u00e4tzlichen Behinderungen beim Befahren der Stra\u00dfen mit Gro\u00dffahrzeugen der Rettungsdienste kommt.<\/p>\n<p><strong>Im Sinne der Allgemeinheit m\u00f6chten wir allen Fahrern zu bedenken geben, dass ein verkehrsbehindernd abgestelltes Fahrzeug in Notsituationen \u00fcber Leben und Tod entscheiden kann.<\/strong><\/p>\n<p><em>Ihre Feuerwehr Kostheim<\/em><\/p>\n","protected":false},"excerpt":{"rendered":"<p>Aus gegebenem Anlass m\u00f6chte die Feuerwehr Kostheim an dieser Stelle noch einmal eindringlich einen Appell an alle Fahrer richten, die Ihre Fahrzeuge in den Stra\u00dfen Kostheims zum Parken abstellen. Bedingt durch die Gro\u00dfbaustellen im gesamten Ortsgebiet und dem damit verbundenen Wegfall der \u00fcblichen Parkpl\u00e4tze, kommt es immer mehr zu Behinderungen durch widerrechtlich abgestellte Fahrzeuge und [&hellip;]<\/p>\n","protected":false},"author":1,"featured_media":0,"comment_status":"closed","ping_status":"open","sticky":false,"template":"","format":"standard","meta":{"_et_pb_use_builder":"","_et_pb_old_content":"","_et_gb_content_width":"","_crdt_document":"","footnotes":""},"categories":[1,4],"tags":[1360,1361,1037,223,1358,1115,1359],"class_list":["post-5768","post","type-post","status-publish","format-standard","hentry","category-allgemein","category-einsatzabteilung","tag-dringend","tag-falsch","tag-falschparker","tag-kostheim","tag-lebensgefahr","tag-parken","tag-zeitverzug"],"_links":{"self":[{"href":"https:\/\/www.feuerwehrkostheim.de\/index.php?rest_route=\/wp\/v2\/posts\/5768","targetHints":{"allow":["GET"]}}],"collection":[{"href":"https:\/\/www.feuerwehrkostheim.de\/index.php?rest_route=\/wp\/v2\/posts"}],"about":[{"href":"https:\/\/www.feuerwehrkostheim.de\/index.php?rest_route=\/wp\/v2\/types\/post"}],"author":[{"embeddable":true,"href":"https:\/\/www.feuerwehrkostheim.de\/index.php?rest_route=\/wp\/v2\/users\/1"}],"replies":[{"embeddable":true,"href":"https:\/\/www.feuerwehrkostheim.de\/index.php?rest_route=%2Fwp%2Fv2%2Fcomments&post=5768"}],"version-history":[{"count":1,"href":"https:\/\/www.feuerwehrkostheim.de\/index.php?rest_route=\/wp\/v2\/posts\/5768\/revisions"}],"predecessor-version":[{"id":5769,"href":"https:\/\/www.feuerwehrkostheim.de\/index.php?rest_route=\/wp\/v2\/posts\/5768\/revisions\/5769"}],"wp:attachment":[{"href":"https:\/\/www.feuerwehrkostheim.de\/index.php?rest_route=%2Fwp%2Fv2%2Fmedia&parent=5768"}],"wp:term":[{"taxonomy":"category","embeddable":true,"href":"https:\/\/www.feuerwehrkostheim.de\/index.php?rest_route=%2Fwp%2Fv2%2Fcategories&post=5768"},{"taxonomy":"post_tag","embeddable":true,"href":"https:\/\/www.feuerwehrkostheim.de\/index.php?rest_route=%2Fwp%2Fv2%2Ftags&post=5768"}],"curies":[{"name":"wp","href":"https:\/\/api.w.org\/{rel}","templated":true}]}}