{"id":5750,"date":"2020-08-16T12:39:35","date_gmt":"2020-08-16T11:39:35","guid":{"rendered":"https:\/\/www.feuerwehrkostheim.de\/?p=5750"},"modified":"2020-09-03T17:07:13","modified_gmt":"2020-09-03T16:07:13","slug":"mitgliederversammlung-2020-neu-terminiert-einladung-an-alle-mitglieder","status":"publish","type":"post","link":"https:\/\/www.feuerwehrkostheim.de\/?p=5750","title":{"rendered":"[ABGESAGT!!] Einladung an alle Mitglieder &#8211; Mitgliederversammlung 2020 neu terminiert"},"content":{"rendered":"<p><a href=\"http:\/\/www.feuerwehrkostheim.de\/wp-content\/dokumente\/2020_jhv_verein.pdf\" target=\"_blank\" rel=\"noopener noreferrer\"><img loading=\"lazy\" decoding=\"async\" class=\" wp-image-5581 alignright\" style=\"border: 4px solid #D8D8D8;\" src=\"https:\/\/www.feuerwehrkostheim.de\/wp-content\/uploads\/2020\/08\/2020-09-13-Einladung-JHV-Verein.jpg\" alt=\"\" width=\"200\" height=\"300\" \/><\/a>Die Kostheimer Feuerwehr musste ihre f\u00fcr M\u00e4rz angesetzten Jahreshauptversammlungen bekannterma\u00dfen kurzfristig aufgrund der Corona-Krise absagen.<\/p>\n<p>Nachdem sich die Gesamtlage mittlerweile etwas entspannt hat, konnte der Vorstand nun einen Ersatztermin sowie einen alternativen Veranstaltungsort finden.<\/p>\n<p>Alle Mitglieder des F\u00f6rdervereins \u201eFreiwillige Feuerwehr Kostheim 1874 e.V.\u201c sind nun herzlich zu der neu angesetzten, diesj\u00e4hrigen Jahreshauptversammlung eingeladen. Sie findet am <strong>Sonntag, den 13. September 2020 um 11:00 Uhr<\/strong> <strong>im B\u00fcrgerhaus Kostheim<\/strong>, Winterstra\u00dfe 20, statt.<\/p>\n<p>Die vom Vorstand verfasste Einladung samt Tagesordnung kann entweder \u00fcber diesen Beitrag oder \u00fcber die Men\u00fcleiste \u201eVerein\/Mitgliederversammlung\u201c angesehen und im PDF-Format heruntergeladen werden. <strong><em>Es wird um die Beachtung der Hinweise zum Hygienekonzept gebeten, welche als Anhang zur Einladung zu finden sind.<\/em><\/strong><\/p>\n<p>Neben der Versammlung f\u00fcr den Verein Feuerwehr Kostheim, findet an diesem Sonntag auch die Mitgliederversammlung des \u00f6ffentlich-rechtlichen Teils der Kostheimer Wehr &#8211; die Einsatzabteilung &#8211; statt.<\/p>\n<p><!--more--><\/p>\n<p style=\"text-align: center;\">Hier nachfolgend die Einladung im PDF-Format. Sie kann,<br \/>\nsoweit Acrobat Reader auf Ihrem Rechner installiert ist,<br \/>\n\u00fcber folgenden Link angezeigt werden:<\/p>\n<p style=\"text-align: center;\"><strong><a href=\"http:\/\/www.feuerwehrkostheim.de\/wp-content\/dokumente\/2020_jhv_verein.pdf\" target=\"_blank\" rel=\"noopener noreferrer\">EINLADUNG MITGLIEDERVERSAMMLUNG 2020<\/a><\/strong><\/p>\n<p style=\"text-align: center;\">Sollten Sie kein Adobe Acrobat Reader installiert haben,<br \/>\nk\u00f6nnen Sie dies \u00fcber folgenden Link nachholen.<\/p>\n<p style=\"text-align: center;\"><a href=\"http:\/\/www.adobe.de\/products\/acrobat\/readstep2.html\" target=\"_blank\" rel=\"noopener noreferrer\"><img loading=\"lazy\" decoding=\"async\" class=\"aligncenter\" title=\"Direktlink Adobe\" src=\"http:\/\/www.feuerwehrkostheim.de\/wp-content\/bilder\/sonstige\/logo_adobe.gif\" alt=\"\" width=\"40\" height=\"54\" \/><\/a><\/p>\n<p>&nbsp;<\/p>\n","protected":false},"excerpt":{"rendered":"<p>Die Kostheimer Feuerwehr musste ihre f\u00fcr M\u00e4rz angesetzten Jahreshauptversammlungen bekannterma\u00dfen kurzfristig aufgrund der Corona-Krise absagen. Nachdem sich die Gesamtlage mittlerweile etwas entspannt hat, konnte der Vorstand nun einen Ersatztermin sowie einen alternativen Veranstaltungsort finden. Alle Mitglieder des F\u00f6rdervereins \u201eFreiwillige Feuerwehr Kostheim 1874 e.V.\u201c sind nun herzlich zu der neu angesetzten, diesj\u00e4hrigen Jahreshauptversammlung eingeladen. Sie findet [&hellip;]<\/p>\n","protected":false},"author":1,"featured_media":0,"comment_status":"closed","ping_status":"open","sticky":false,"template":"","format":"standard","meta":{"_et_pb_use_builder":"","_et_pb_old_content":"","_et_gb_content_width":"","_crdt_document":"","footnotes":""},"categories":[10],"tags":[1090,1356,191,1091,1355,940],"class_list":["post-5750","post","type-post","status-publish","format-standard","hentry","category-verein","tag-einladung","tag-foerderverein","tag-jahreshauptversammlung","tag-jhv","tag-mitglieder","tag-verein"],"_links":{"self":[{"href":"https:\/\/www.feuerwehrkostheim.de\/index.php?rest_route=\/wp\/v2\/posts\/5750","targetHints":{"allow":["GET"]}}],"collection":[{"href":"https:\/\/www.feuerwehrkostheim.de\/index.php?rest_route=\/wp\/v2\/posts"}],"about":[{"href":"https:\/\/www.feuerwehrkostheim.de\/index.php?rest_route=\/wp\/v2\/types\/post"}],"author":[{"embeddable":true,"href":"https:\/\/www.feuerwehrkostheim.de\/index.php?rest_route=\/wp\/v2\/users\/1"}],"replies":[{"embeddable":true,"href":"https:\/\/www.feuerwehrkostheim.de\/index.php?rest_route=%2Fwp%2Fv2%2Fcomments&post=5750"}],"version-history":[{"count":4,"href":"https:\/\/www.feuerwehrkostheim.de\/index.php?rest_route=\/wp\/v2\/posts\/5750\/revisions"}],"predecessor-version":[{"id":5773,"href":"https:\/\/www.feuerwehrkostheim.de\/index.php?rest_route=\/wp\/v2\/posts\/5750\/revisions\/5773"}],"wp:attachment":[{"href":"https:\/\/www.feuerwehrkostheim.de\/index.php?rest_route=%2Fwp%2Fv2%2Fmedia&parent=5750"}],"wp:term":[{"taxonomy":"category","embeddable":true,"href":"https:\/\/www.feuerwehrkostheim.de\/index.php?rest_route=%2Fwp%2Fv2%2Fcategories&post=5750"},{"taxonomy":"post_tag","embeddable":true,"href":"https:\/\/www.feuerwehrkostheim.de\/index.php?rest_route=%2Fwp%2Fv2%2Ftags&post=5750"}],"curies":[{"name":"wp","href":"https:\/\/api.w.org\/{rel}","templated":true}]}}