{"id":5724,"date":"2020-08-09T16:52:12","date_gmt":"2020-08-09T15:52:12","guid":{"rendered":"https:\/\/www.feuerwehrkostheim.de\/?p=5724"},"modified":"2020-08-09T16:52:12","modified_gmt":"2020-08-09T15:52:12","slug":"abgebrochener-ast-droht-herabzufallen","status":"publish","type":"post","link":"https:\/\/www.feuerwehrkostheim.de\/?p=5724","title":{"rendered":"Abgebrochener Ast droht herabzufallen"},"content":{"rendered":"<p><img loading=\"lazy\" decoding=\"async\" class=\"alignleft\" title=\"Einsatz-Logo\" src=\"https:\/\/www.feuerwehrkostheim.de\/wp-content\/bilder\/sonstige\/logo_einsatz.jpg\" alt=\"Einsatz-Logo\" width=\"100\" height=\"100\" \/><strong>08. August 2020 &#8211; 21:02 Uhr<\/strong><br \/>\n<strong>Salzburger Stra\u00dfe<\/strong><br \/>\nH 1<br \/>\nEinsatz 35 &#8211; 2020<\/p>\n<p><a href=\"https:\/\/www.feuerwehrkostheim.de\/wp-content\/uploads\/2020\/08\/2020-08-08_Baum.jpg\"><img loading=\"lazy\" decoding=\"async\" class=\"alignright size-medium wp-image-5725\" style=\"border: 4px solid #D8D8D8;\" src=\"https:\/\/www.feuerwehrkostheim.de\/wp-content\/uploads\/2020\/08\/2020-08-08_Baum-225x300.jpg\" alt=\"\" width=\"225\" height=\"300\" srcset=\"https:\/\/www.feuerwehrkostheim.de\/wp-content\/uploads\/2020\/08\/2020-08-08_Baum-225x300.jpg 225w, https:\/\/www.feuerwehrkostheim.de\/wp-content\/uploads\/2020\/08\/2020-08-08_Baum-768x1024.jpg 768w, https:\/\/www.feuerwehrkostheim.de\/wp-content\/uploads\/2020\/08\/2020-08-08_Baum.jpg 1125w\" sizes=\"(max-width: 225px) 100vw, 225px\" \/><\/a>Weil das Basis-L\u00f6schfahrzeug der Feuerwache 2 parallel in einen Einsatz eingebunden war, wurde die Feuerwehr Kostheim am Samstagabend gegen 21 Uhr zu einer Hilfeleistung in die Siedlung alarmiert. In Salzburger Stra\u00dfe hing ein abgerochener Ast \u00fcber dem Gehweg und drohte abzust\u00fcrzen. Die Besatzung des anger\u00fcckten Kostheimer L\u00f6schfahrzeuges \u00fcberpr\u00fcfte den Ast und s\u00e4gte ihn unter Zuhilfenahme einer Steckleiter ab und legte ihn beiseite. Nach etwas mehr als einer Stunde war der Einsatz beendet.<\/p>\n","protected":false},"excerpt":{"rendered":"<p>08. August 2020 &#8211; 21:02 Uhr Salzburger Stra\u00dfe H 1 Einsatz 35 &#8211; 2020 Weil das Basis-L\u00f6schfahrzeug der Feuerwache 2 parallel in einen Einsatz eingebunden war, wurde die Feuerwehr Kostheim am Samstagabend gegen 21 Uhr zu einer Hilfeleistung in die Siedlung alarmiert. In Salzburger Stra\u00dfe hing ein abgerochener Ast \u00fcber dem Gehweg und drohte abzust\u00fcrzen. [&hellip;]<\/p>\n","protected":false},"author":1,"featured_media":0,"comment_status":"closed","ping_status":"open","sticky":false,"template":"","format":"standard","meta":{"_et_pb_use_builder":"","_et_pb_old_content":"","_et_gb_content_width":"","_crdt_document":"","footnotes":""},"categories":[5],"tags":[1351,978,1311,404],"class_list":["post-5724","post","type-post","status-publish","format-standard","hentry","category-einsatze","tag-abgebrochen","tag-ast","tag-h1","tag-hilfeleistung"],"_links":{"self":[{"href":"https:\/\/www.feuerwehrkostheim.de\/index.php?rest_route=\/wp\/v2\/posts\/5724","targetHints":{"allow":["GET"]}}],"collection":[{"href":"https:\/\/www.feuerwehrkostheim.de\/index.php?rest_route=\/wp\/v2\/posts"}],"about":[{"href":"https:\/\/www.feuerwehrkostheim.de\/index.php?rest_route=\/wp\/v2\/types\/post"}],"author":[{"embeddable":true,"href":"https:\/\/www.feuerwehrkostheim.de\/index.php?rest_route=\/wp\/v2\/users\/1"}],"replies":[{"embeddable":true,"href":"https:\/\/www.feuerwehrkostheim.de\/index.php?rest_route=%2Fwp%2Fv2%2Fcomments&post=5724"}],"version-history":[{"count":1,"href":"https:\/\/www.feuerwehrkostheim.de\/index.php?rest_route=\/wp\/v2\/posts\/5724\/revisions"}],"predecessor-version":[{"id":5726,"href":"https:\/\/www.feuerwehrkostheim.de\/index.php?rest_route=\/wp\/v2\/posts\/5724\/revisions\/5726"}],"wp:attachment":[{"href":"https:\/\/www.feuerwehrkostheim.de\/index.php?rest_route=%2Fwp%2Fv2%2Fmedia&parent=5724"}],"wp:term":[{"taxonomy":"category","embeddable":true,"href":"https:\/\/www.feuerwehrkostheim.de\/index.php?rest_route=%2Fwp%2Fv2%2Fcategories&post=5724"},{"taxonomy":"post_tag","embeddable":true,"href":"https:\/\/www.feuerwehrkostheim.de\/index.php?rest_route=%2Fwp%2Fv2%2Ftags&post=5724"}],"curies":[{"name":"wp","href":"https:\/\/api.w.org\/{rel}","templated":true}]}}