{"id":5701,"date":"2020-07-28T21:24:17","date_gmt":"2020-07-28T20:24:17","guid":{"rendered":"https:\/\/www.feuerwehrkostheim.de\/?p=5701"},"modified":"2020-07-28T21:36:08","modified_gmt":"2020-07-28T20:36:08","slug":"5701","status":"publish","type":"post","link":"https:\/\/www.feuerwehrkostheim.de\/?p=5701","title":{"rendered":"Gro\u00dfbrand im Mittleren Sampelweg fordert stundenlangen Feuerwehreinsatz"},"content":{"rendered":"<p><img loading=\"lazy\" decoding=\"async\" class=\"alignleft\" title=\"Einsatz-Logo\" src=\"https:\/\/www.feuerwehrkostheim.de\/wp-content\/bilder\/sonstige\/logo_einsatz.jpg\" alt=\"Einsatz-Logo\" width=\"100\" height=\"100\" \/><strong>28. Juli 2020 &#8211; 14:34 Uhr<\/strong><br \/>\n<strong>Mittlerer Sampelweg<\/strong><br \/>\nF WALD 1 \/ Alarmgruppe mit FF-Kastel<br \/>\nEinsatz 30 &#8211; 2020<\/p>\n<p><img decoding=\"async\" class=\"alignright size-medium\" style=\"border: 4px solid #D8D8D8;\" src=\"https:\/\/live.staticflickr.com\/65535\/50164101267_4834a1a7ee_n.jpg\" height=\"240\" \/>Ein Gro\u00dfbrand im Bereich des Mittleren Sampelwegs sorgte am Dienstagmittag f\u00fcr einen gr\u00f6\u00dferen Feuerwehreinsatz, zu dem nicht nur die Feuerwehr Kostheim zusammen mit den Kollegen aus Kastel und der Berufsfeuerwehr ausr\u00fccken musste, sondern im Verlauf der L\u00f6scharbeiten auch weitere Freiwillige Feuerwehren aus Erbenheim, Delkenheim, Nordenstadt und Schierstein zur Unterst\u00fctzung nachgefordert wurden. Beim Eintreffen der beiden Kostheimer L\u00f6schfahrzeuge standen schon mehrere Gartenh\u00fctten sowie Gras, Gestr\u00fcpp und B\u00e4ume in Vollbrand. In der ersten Phase konzentrierte man sich auf das Verhindern der weiteren Ausbreitung.<\/p>\n<p><img decoding=\"async\" class=\"alignleft size-medium\" style=\"border: 4px solid #D8D8D8;\" src=\"https:\/\/live.staticflickr.com\/65535\/50163312383_0c3c19ecb1_n.jpg\" height=\"240\" \/>Mit den nachr\u00fcckenden Einheiten baute man von mehreren Seiten eine sogenannte Riegelstellung auf, die nach der Sicherstellung der Wasserversorgung erste Wirkung zeigte. Immer wieder kam es zu kleinen Explosionen, wahrscheinlich durch Spraydosen hervorgerufen. Die in G\u00e4rten \u00fcblicherweise zum Einsatz kommenden Gasflaschen wurden geborgen, beiseite ger\u00e4umt und abgek\u00fchlt. Mehrere Trupps unter Atemschutz mussten f\u00fcr L\u00f6scharbeiten eingesetzt werden. Durch die schw\u00fclwarme Witterung gestalteten sich die Arbeiten \u00e4u\u00dferst belastend, weswegen man sich entschloss, zur Unterst\u00fctzung die weiteren Wehren hinzuzuziehen.<\/p>\n<p><!--more--> <img decoding=\"async\" class=\"alignright size-medium\" style=\"border: 4px solid #D8D8D8;\" src=\"https:\/\/live.staticflickr.com\/65535\/50164100982_0c0d1b0a00_n.jpg\" height=\"240\" \/>Nach etwa vier schwei\u00dftreibenden Stunden waren die L\u00f6scharbeiten soweit abgeschlossen, dass man mit dem R\u00fcckbau der unz\u00e4hligen Schl\u00e4uche beginnen konnte.<\/p>\n<p>Zur Verpflegung der Einsatzkr\u00e4fte war die Logistikgruppe vor Ort und sorgte f\u00fcr ausreichende Getr\u00e4nkezufuhr.<\/p>\n<p>Ein Kamerad musste Rettungsdienstlich betreut werden und wurde vorsorglich im Krankenhaus untersucht. Nach einer kurzen ambulanten Behandlung kehrte er jedoch schon wieder vor Einsatzende wohlbehalten an die Einsatzstelle zur\u00fcck.<\/p>\n<p>W\u00e4hrend des Einsatzes kam zudem ein Passant auf die Feuerwehrleute zu und berichtete von einem brennenden Grab auf dem benachbarten Friedhofsgel\u00e4nde. Umgehend nahm man sich auch dieser Aufgabe an und l\u00f6schte es umgehend ab. Vermutlich war Funkenflug hierf\u00fcr verantwortlich.<\/p>\n<p><img decoding=\"async\" class=\"alignleft size-medium\" style=\"border: 4px solid #D8D8D8;\" src=\"https:\/\/live.staticflickr.com\/65535\/50163850541_afbacdc62f_n.jpg\" height=\"240\" \/>Insgesamt vielen sieben Gartenh\u00fctten dem Feuer zu Opfer, zwei weitere wurden besch\u00e4digt. Zus\u00e4tzlich f\u00e4llte man auf dem Brandgel\u00e4nde 3 kleinere B\u00e4ume, die durch das Feuer massiv gesch\u00e4digt wurden. Neben den vielen Trupps unter Atemschutz waren insgesamt 5 C- Rohre und 1 B-Rohr im Einsatz. Die Stadtwerke Mainz wurde f\u00fcr die Au\u00dferbetriebnahme und Begutachtung der durch den Brand besch\u00e4digten \u00dcberlandleitung hinzugezogen. Die Ermittlungen zur Brandursache hat die Polizei aufgenommen.<\/p>\n<p>Die Kostheimer Feuerwehr war mit 22 Einsatzkr\u00e4ften und allen drei Einsatzfahrzeugen vor Ort und konnte den Einsatz nach dem Aufr\u00fcsten der fast leer ger\u00e4umten Fahrzeuge gegen 21 Uhr beenden.<\/p>\n<p>[FAGP id=5702]<\/p>\n","protected":false},"excerpt":{"rendered":"<p>28. Juli 2020 &#8211; 14:34 Uhr Mittlerer Sampelweg F WALD 1 \/ Alarmgruppe mit FF-Kastel Einsatz 30 &#8211; 2020 Ein Gro\u00dfbrand im Bereich des Mittleren Sampelwegs sorgte am Dienstagmittag f\u00fcr einen gr\u00f6\u00dferen Feuerwehreinsatz, zu dem nicht nur die Feuerwehr Kostheim zusammen mit den Kollegen aus Kastel und der Berufsfeuerwehr ausr\u00fccken musste, sondern im Verlauf der [&hellip;]<\/p>\n","protected":false},"author":1,"featured_media":0,"comment_status":"closed","ping_status":"open","sticky":false,"template":"","format":"standard","meta":{"_et_pb_use_builder":"","_et_pb_old_content":"","_et_gb_content_width":"","_crdt_document":"","footnotes":""},"categories":[5],"tags":[110,50,1345,1344,267,1343],"class_list":["post-5701","post","type-post","status-publish","format-standard","hentry","category-einsatze","tag-alarmgruppe","tag-brand","tag-fwald1","tag-gartenhuetten","tag-grosbrand","tag-kleingarten"],"_links":{"self":[{"href":"https:\/\/www.feuerwehrkostheim.de\/index.php?rest_route=\/wp\/v2\/posts\/5701","targetHints":{"allow":["GET"]}}],"collection":[{"href":"https:\/\/www.feuerwehrkostheim.de\/index.php?rest_route=\/wp\/v2\/posts"}],"about":[{"href":"https:\/\/www.feuerwehrkostheim.de\/index.php?rest_route=\/wp\/v2\/types\/post"}],"author":[{"embeddable":true,"href":"https:\/\/www.feuerwehrkostheim.de\/index.php?rest_route=\/wp\/v2\/users\/1"}],"replies":[{"embeddable":true,"href":"https:\/\/www.feuerwehrkostheim.de\/index.php?rest_route=%2Fwp%2Fv2%2Fcomments&post=5701"}],"version-history":[{"count":3,"href":"https:\/\/www.feuerwehrkostheim.de\/index.php?rest_route=\/wp\/v2\/posts\/5701\/revisions"}],"predecessor-version":[{"id":5705,"href":"https:\/\/www.feuerwehrkostheim.de\/index.php?rest_route=\/wp\/v2\/posts\/5701\/revisions\/5705"}],"wp:attachment":[{"href":"https:\/\/www.feuerwehrkostheim.de\/index.php?rest_route=%2Fwp%2Fv2%2Fmedia&parent=5701"}],"wp:term":[{"taxonomy":"category","embeddable":true,"href":"https:\/\/www.feuerwehrkostheim.de\/index.php?rest_route=%2Fwp%2Fv2%2Fcategories&post=5701"},{"taxonomy":"post_tag","embeddable":true,"href":"https:\/\/www.feuerwehrkostheim.de\/index.php?rest_route=%2Fwp%2Fv2%2Ftags&post=5701"}],"curies":[{"name":"wp","href":"https:\/\/api.w.org\/{rel}","templated":true}]}}