{"id":570,"date":"2011-06-05T15:01:56","date_gmt":"2011-06-05T14:01:56","guid":{"rendered":"http:\/\/www.feuerwehrkostheim.de\/ffk\/?p=570"},"modified":"2018-06-02T14:06:54","modified_gmt":"2018-06-02T13:06:54","slug":"tag-der-offenen-tur-bei-strahlendem-sonnenschein","status":"publish","type":"post","link":"https:\/\/www.feuerwehrkostheim.de\/?p=570","title":{"rendered":"Tag der offenen T\u00fcr bei strahlendem Sonnenschein"},"content":{"rendered":"<p><a title=\"Tag der offenen T\u00fcr - 02.06.11 von FF-Kostheim bei Flickr\" href=\"http:\/\/www.flickr.com\/photos\/ffkostheim\/sets\/72157626764419287\/\" target=\"_blank\"><img loading=\"lazy\" decoding=\"async\" class=\"alignleft\" src=\"http:\/\/farm3.static.flickr.com\/2380\/5799269045_acd1b269d1_m.jpg\" alt=\"Tag der offenen T\u00fcr - 02.06.11\" width=\"240\" height=\"160\" \/><\/a> Nach zwei wettertechnisch nicht ganz so ansprechenden Tagen, meldete sich der Fr\u00fchsommer zum Vatertag, an dem die Kostheimer Feuerwehr ihren &#8220;Tag der offenen T\u00fcr&#8221; veranstaltete, wieder zur\u00fcck. Schon beim morgendlichen Aufbau strahlte die Sonne den Kameraden vom blauen Himmel entgegen. Alles war angerichtet, um den Besuchern im Laufe des Tages ein paar gem\u00fctliche und anschauliche Stunden zu bereiten. Nach den Wochen der Vorbereitung, war f\u00fcr alle Abteilungen nun &#8220;Action&#8221; angesagt. Von Bambinis, Jugendfeuerwehr \u00fcber die Einsatzabteilung und die vielen anderen Helfer stand ein arbeitsintensiver Tag bevor.<\/p>\n<p><!--more--><a title=\"Tag der offenen T\u00fcr - 02.06.11 von FF-Kostheim bei Flickr\" href=\"http:\/\/www.flickr.com\/photos\/ffkostheim\/sets\/72157626764419287\/\" target=\"_blank\"><img loading=\"lazy\" decoding=\"async\" class=\"alignright\" src=\"http:\/\/farm4.static.flickr.com\/3359\/5799817800_ebcc81d721_m.jpg\" alt=\"Tag der offenen T\u00fcr - 02.06.11\" width=\"240\" height=\"160\" \/><\/a> F\u00fcr jeden Besucher, der an diesem Tag in den Mainzer Weg gekommen war, wurde etwas geboten. Bei der Fahrzeugausstellung konnte das erst im letzten Jahr fabrikneu an die Kostheimer Wehr \u00fcbergebene L\u00f6schfahrzeug bestaunt werden. Weiterhin war von der Werkfeuerwehr InfraServ H\u00f6chst eine 39-Meter-Drehleiter zu sehen. Vom ASB Mainz wurde ein Rettungswagen ausgestellt und man konnte in einem \u00dcberschlagsimulator einmal ohne Gefahr ausprobieren, wie man sich im Falle eines Unfalls bei einem auf dem Dach liegenden Fahrzeug richtig abschnallt. Erstmals in diesem Jahr, machte ein Stand der Kreisfeuerwehr-Sterbekasse Mainz auf sich und seine Aufgaben aufmerksam.<\/p>\n<p><a title=\"Tag der offenen T\u00fcr - 02.06.11 von FF-Kostheim bei Flickr\" href=\"http:\/\/www.flickr.com\/photos\/ffkostheim\/sets\/72157626764419287\/\" target=\"_blank\"><img loading=\"lazy\" decoding=\"async\" class=\"alignleft\" src=\"http:\/\/farm4.static.flickr.com\/3062\/5799268559_18054430a0_m.jpg\" alt=\"Tag der offenen T\u00fcr - 02.06.11\" width=\"160\" height=\"240\" \/><\/a> Mutige G\u00e4ste konnten sich beim Kistenstapeln versuchen. \u00dcber eine Drehleiter der Berufsfeuerwehr war ein Rettungsgeschirr angebracht, wodurch auch beim Umfallen des Kistenstapels keiner Angst haben musste, abzust\u00fcrzen. Nicht nur die J\u00fcngeren wagten es einen Turm zu bauen, auch manch \u00c4lterer versuchte sein Gl\u00fcck.<br \/>\nBei den Bambinis wurde f\u00fcr die ganz kleinen G\u00e4ste Kinderschminken sowie malen und basteln angeboten. Auch eine Spritzwand, die sich die Wehr von den Kameraden aus Naurod ausgeliehen hatte, durfte nicht fehlen. Jeder der wollte konnte mit einem D-Strahlrohr die Flammenklappen umspritzen.<\/p>\n<p><a title=\"Tag der offenen T\u00fcr - 02.06.11 von FF-Kostheim bei Flickr\" href=\"http:\/\/www.flickr.com\/photos\/ffkostheim\/sets\/72157626764419287\/\" target=\"_blank\"><img loading=\"lazy\" decoding=\"async\" class=\"alignright\" src=\"http:\/\/farm3.static.flickr.com\/2096\/5799269411_86e1b993a3_m.jpg\" alt=\"Tag der offenen T\u00fcr - 02.06.11\" width=\"160\" height=\"240\" \/><\/a> In der Mittagszeit gab es weitere Highlights auf dem Freigel\u00e4nde. Zuerst wurde gezeigt, was passiert, wenn versucht wird einen Fettbrand mit Wasser zu l\u00f6schen. Obwohl diese Vorf\u00fchrung ein Klassiker bei solchen Veranstaltungen ist, gibt es immer noch gen\u00fcgend Zuschauer, die aufgrund der riesigen Stichflamme, die beim Eingie\u00dfen des Wassers entsteht, beeindruckt sind und vorher nicht von der Gefahr wussten. Danach konnten die Besucher an einem Handfeuerl\u00f6scher ihr K\u00f6nnen unter Beweis stellen. F\u00fcr manchen war es das erste Mal \u00fcberhaupt, einen Feuerl\u00f6cher gehalten zu haben.<\/p>\n<p><a title=\"Tag der offenen T\u00fcr - 02.06.11 von FF-Kostheim bei Flickr\" href=\"http:\/\/www.flickr.com\/photos\/ffkostheim\/sets\/72157626764419287\/\" target=\"_blank\"><img loading=\"lazy\" decoding=\"async\" class=\"alignleft\" src=\"http:\/\/farm3.static.flickr.com\/2729\/5799270665_acbea3f817_m.jpg\" alt=\"Tag der offenen T\u00fcr - 02.06.11\" width=\"240\" height=\"160\" \/><\/a> Bei der Schau\u00fcbung der Einsatzabteilung wurde das Vorgehen bei einem Brand gezeigt. Hierzu wurde der \u00dcbungscontainer verraucht und der vorgehende Angriffstrupp musste unter Atemschutz eine verletzte Person in Form eines Dummys aus dem Container retten. Dass nicht nur die \u201eGro\u00dfen\u201c l\u00f6schen k\u00f6nnen, zeigte die anschlie\u00dfende \u00dcbung der Jugendfeuerwehr. Auch hier wurde der Brand des Containers angenommen. Wie sich jeder \u00fcberzeugen konnte waren die Schl\u00e4uche \u00e4hnlich schnell ausgelegt und ebenfalls aus 2 Rohren das \u201eFeuer\u201c schnell gel\u00f6scht.<\/p>\n<p>In Anlehnung an die im Januar stattgefundene Gedenkfeier anl\u00e4sslich der 40. J\u00e4hrung der Linde-Brandkatastrophe, gab es im Unterrichtssaal des Ger\u00e4tehauses nochmals einen kleinen Vortrag \u00fcber die Ereignisse im Januar 1971. Roderich Volk veranschaulichte anhand eines Diavortrages die schrecklichen Geschehnisse, wo bei dem Brand des K\u00fchlm\u00f6belwerkes damals drei Feuerwehrm\u00e4nner ums Leben kamen.<\/p>\n<p><a title=\"Tag der offenen T\u00fcr - 02.06.11 von FF-Kostheim bei Flickr\" href=\"http:\/\/www.flickr.com\/photos\/ffkostheim\/sets\/72157626764419287\/\" target=\"_blank\"><img loading=\"lazy\" decoding=\"async\" class=\"alignright\" src=\"http:\/\/farm3.static.flickr.com\/2071\/5799267827_bd3f5986ee_m.jpg\" alt=\"Tag der offenen T\u00fcr - 02.06.11\" width=\"240\" height=\"160\" \/><\/a> Doch trotz aller feuerwehrspeziellen Angebote, kamen auch jene G\u00e4ste auf ihre Kosten, die lediglich einen sch\u00f6nen Tag mit ihrer Familie verbringen oder mit Freuden den Vatertag feiern wollten. Neben den erfrischenden Getr\u00e4nken, den W\u00fcrsten, Pommes und Steaks, gabs um die Mittagszeit eine beachtliche Kuchentheke mit Kaffee.<\/p>\n<p>Die Feuerwehr Kostheim bedankt sich bei allen G\u00e4sten, hofft allen ein paar gem\u00fctliche Stunden bereitet zu haben und freut sich auf ihr Wiederkommen, wenn es in 2 Jahren wieder hei\u00dft:<br \/>\n<strong>Vatertag 2013 \u2013 Die Kostheimer Feuerwehr l\u00e4dt zum Tag der offenen T\u00fcr!<\/strong><\/p>\n","protected":false},"excerpt":{"rendered":"<p>Nach zwei wettertechnisch nicht ganz so ansprechenden Tagen, meldete sich der Fr\u00fchsommer zum Vatertag, an dem die Kostheimer Feuerwehr ihren &#8220;Tag der offenen T\u00fcr&#8221; veranstaltete, wieder zur\u00fcck. Schon beim morgendlichen Aufbau strahlte die Sonne den Kameraden vom blauen Himmel entgegen. Alles war angerichtet, um den Besuchern im Laufe des Tages ein paar gem\u00fctliche und anschauliche [&hellip;]<\/p>\n","protected":false},"author":1,"featured_media":0,"comment_status":"closed","ping_status":"open","sticky":false,"template":"","format":"standard","meta":{"_et_pb_use_builder":"","_et_pb_old_content":"","_et_gb_content_width":"","_crdt_document":"","footnotes":""},"categories":[3,4,7,9],"tags":[137,827,247,248,828,249,84,250],"class_list":["post-570","post","type-post","status-publish","format-standard","hentry","category-bambinifeuerwehr","category-einsatzabteilung","category-jugendfeuerwehr","category-veranstaltungen","tag-bambinis","tag-einsatzabteilung","tag-fettexplosion","tag-grill","tag-jugendfeuerwehr","tag-kuchentheke","tag-schauubung","tag-vatertag"],"_links":{"self":[{"href":"https:\/\/www.feuerwehrkostheim.de\/index.php?rest_route=\/wp\/v2\/posts\/570","targetHints":{"allow":["GET"]}}],"collection":[{"href":"https:\/\/www.feuerwehrkostheim.de\/index.php?rest_route=\/wp\/v2\/posts"}],"about":[{"href":"https:\/\/www.feuerwehrkostheim.de\/index.php?rest_route=\/wp\/v2\/types\/post"}],"author":[{"embeddable":true,"href":"https:\/\/www.feuerwehrkostheim.de\/index.php?rest_route=\/wp\/v2\/users\/1"}],"replies":[{"embeddable":true,"href":"https:\/\/www.feuerwehrkostheim.de\/index.php?rest_route=%2Fwp%2Fv2%2Fcomments&post=570"}],"version-history":[{"count":0,"href":"https:\/\/www.feuerwehrkostheim.de\/index.php?rest_route=\/wp\/v2\/posts\/570\/revisions"}],"wp:attachment":[{"href":"https:\/\/www.feuerwehrkostheim.de\/index.php?rest_route=%2Fwp%2Fv2%2Fmedia&parent=570"}],"wp:term":[{"taxonomy":"category","embeddable":true,"href":"https:\/\/www.feuerwehrkostheim.de\/index.php?rest_route=%2Fwp%2Fv2%2Fcategories&post=570"},{"taxonomy":"post_tag","embeddable":true,"href":"https:\/\/www.feuerwehrkostheim.de\/index.php?rest_route=%2Fwp%2Fv2%2Ftags&post=570"}],"curies":[{"name":"wp","href":"https:\/\/api.w.org\/{rel}","templated":true}]}}