{"id":5685,"date":"2020-06-25T12:10:53","date_gmt":"2020-06-25T11:10:53","guid":{"rendered":"https:\/\/www.feuerwehrkostheim.de\/?p=5685"},"modified":"2020-06-25T12:47:51","modified_gmt":"2020-06-25T11:47:51","slug":"unratfeuer-in-kastel-erster-brandeinsatz-nach-zweieinhalb-monaten","status":"publish","type":"post","link":"https:\/\/www.feuerwehrkostheim.de\/?p=5685","title":{"rendered":"Unratfeuer in Kastel &#8211; erster Brandeinsatz nach zweieinhalb Monaten"},"content":{"rendered":"<p><img loading=\"lazy\" decoding=\"async\" class=\"alignleft\" title=\"Einsatz-Logo\" src=\"https:\/\/www.feuerwehrkostheim.de\/wp-content\/bilder\/sonstige\/logo_einsatz.jpg\" alt=\"Einsatz-Logo\" width=\"100\" height=\"100\" \/><strong>25. Juni 2020 &#8211; 09:38 Uhr<\/strong><br \/>\n<strong>Keilsbaum \/ Kastel<\/strong><br \/>\nF 1 L-WASSER<br \/>\nEinsatz 27 &#8211; 2020<\/p>\n<p>Am Donnerstagvormittag alarmierte die Leitstelle die Wehren Kostheim sowie Kastel als Alarmgruppe zu einem gr\u00f6\u00dferen Unratfeuer im Bereich der Stra\u00dfe \u201eKeilsbaum\u201c in Kastel. Ebenfalls ausger\u00fcckt waren die Kollegen der Berufsfeuerwehr, die mit einem L\u00f6sch \u2013 sowie Tankl\u00f6schfahrzeug die Einsatzstelle ansteuerten. Das Unratfeuer wurde durch die hauptamtlichen Kr\u00e4fte, durch Vornahme eines Strahlroheres eines Trupps unter Atemschutz, gel\u00f6scht. Die Freiwilligen Wehren mussten nicht mehr unterst\u00fctzend t\u00e4tig werden und konnten kurze Zeit sp\u00e4ter wieder einr\u00fccken.<\/p>\n<p>Neben den zwischenzeitlichen Hilfeleistungseins\u00e4tzen mit dem Mehrzweckboot, war dies f\u00fcr die Kostheimer Feuerwehr der erste Brandeinsatz seit dem 08. April.<\/p>\n","protected":false},"excerpt":{"rendered":"<p>25. Juni 2020 &#8211; 09:38 Uhr Keilsbaum \/ Kastel F 1 L-WASSER Einsatz 27 &#8211; 2020 Am Donnerstagvormittag alarmierte die Leitstelle die Wehren Kostheim sowie Kastel als Alarmgruppe zu einem gr\u00f6\u00dferen Unratfeuer im Bereich der Stra\u00dfe \u201eKeilsbaum\u201c in Kastel. Ebenfalls ausger\u00fcckt waren die Kollegen der Berufsfeuerwehr, die mit einem L\u00f6sch \u2013 sowie Tankl\u00f6schfahrzeug die Einsatzstelle [&hellip;]<\/p>\n","protected":false},"author":1,"featured_media":0,"comment_status":"closed","ping_status":"open","sticky":false,"template":"","format":"standard","meta":{"_et_pb_use_builder":"","_et_pb_old_content":"","_et_gb_content_width":"","_crdt_document":"","footnotes":""},"categories":[5],"tags":[110,1342,222,1341,231],"class_list":["post-5685","post","type-post","status-publish","format-standard","hentry","category-einsatze","tag-alarmgruppe","tag-f1l-wasser","tag-kastel","tag-keilsbaum","tag-unratfeuer"],"_links":{"self":[{"href":"https:\/\/www.feuerwehrkostheim.de\/index.php?rest_route=\/wp\/v2\/posts\/5685","targetHints":{"allow":["GET"]}}],"collection":[{"href":"https:\/\/www.feuerwehrkostheim.de\/index.php?rest_route=\/wp\/v2\/posts"}],"about":[{"href":"https:\/\/www.feuerwehrkostheim.de\/index.php?rest_route=\/wp\/v2\/types\/post"}],"author":[{"embeddable":true,"href":"https:\/\/www.feuerwehrkostheim.de\/index.php?rest_route=\/wp\/v2\/users\/1"}],"replies":[{"embeddable":true,"href":"https:\/\/www.feuerwehrkostheim.de\/index.php?rest_route=%2Fwp%2Fv2%2Fcomments&post=5685"}],"version-history":[{"count":5,"href":"https:\/\/www.feuerwehrkostheim.de\/index.php?rest_route=\/wp\/v2\/posts\/5685\/revisions"}],"predecessor-version":[{"id":5691,"href":"https:\/\/www.feuerwehrkostheim.de\/index.php?rest_route=\/wp\/v2\/posts\/5685\/revisions\/5691"}],"wp:attachment":[{"href":"https:\/\/www.feuerwehrkostheim.de\/index.php?rest_route=%2Fwp%2Fv2%2Fmedia&parent=5685"}],"wp:term":[{"taxonomy":"category","embeddable":true,"href":"https:\/\/www.feuerwehrkostheim.de\/index.php?rest_route=%2Fwp%2Fv2%2Fcategories&post=5685"},{"taxonomy":"post_tag","embeddable":true,"href":"https:\/\/www.feuerwehrkostheim.de\/index.php?rest_route=%2Fwp%2Fv2%2Ftags&post=5685"}],"curies":[{"name":"wp","href":"https:\/\/api.w.org\/{rel}","templated":true}]}}