{"id":5682,"date":"2020-06-21T18:32:51","date_gmt":"2020-06-21T17:32:51","guid":{"rendered":"https:\/\/www.feuerwehrkostheim.de\/?p=5682"},"modified":"2020-06-21T18:32:51","modified_gmt":"2020-06-21T17:32:51","slug":"nur-ein-kleiner-schritt-kostheimer-wehr-uebt-wieder-praktisch","status":"publish","type":"post","link":"https:\/\/www.feuerwehrkostheim.de\/?p=5682","title":{"rendered":"Nur ein kleiner Schritt &#8211; Kostheimer Wehr \u00fcbt wieder praktisch"},"content":{"rendered":"<p><a href=\"https:\/\/www.feuerwehrkostheim.de\/wp-content\/uploads\/2020\/06\/2020-06-18_\u00dcbungnachCorona-scaled.jpg\" target=\"_blank\" rel=\"noopener noreferrer\"><img loading=\"lazy\" decoding=\"async\" class=\"alignright wp-image-5681 size-medium\" style=\"border: 4px solid #D8D8D8;\" src=\"https:\/\/www.feuerwehrkostheim.de\/wp-content\/uploads\/2020\/06\/2020-06-18_\u00dcbungnachCorona-300x225.jpg\" alt=\"\" width=\"300\" height=\"225\" srcset=\"https:\/\/www.feuerwehrkostheim.de\/wp-content\/uploads\/2020\/06\/2020-06-18_\u00dcbungnachCorona-300x225.jpg 300w, https:\/\/www.feuerwehrkostheim.de\/wp-content\/uploads\/2020\/06\/2020-06-18_\u00dcbungnachCorona-1024x768.jpg 1024w, https:\/\/www.feuerwehrkostheim.de\/wp-content\/uploads\/2020\/06\/2020-06-18_\u00dcbungnachCorona-768x576.jpg 768w, https:\/\/www.feuerwehrkostheim.de\/wp-content\/uploads\/2020\/06\/2020-06-18_\u00dcbungnachCorona-1536x1152.jpg 1536w, https:\/\/www.feuerwehrkostheim.de\/wp-content\/uploads\/2020\/06\/2020-06-18_\u00dcbungnachCorona-2048x1536.jpg 2048w\" sizes=\"(max-width: 300px) 100vw, 300px\" \/><\/a>Nach gef\u00fchlt einer halben Ewigkeit hat die Kostheimer Einsatzabteilung in der vergangenen Woche zum ersten Mal wieder einen praktischen \u00dcbungsdienst absolviert. Um auch weiterhin die Kontaktpunkte untereinander so gering wie m\u00f6glich zu halten, mussten zwei Gruppen gebildet werden, die sich nun bis auf weiteres auch an unterschiedlichen Tagen zum \u00dcbungsdienst treffen. Zus\u00e4tzlich gelten dabei auch weiterhin hohe Sicherheitsvorgaben wie die Einhaltung von Abstandsregeln, das Nutzen von Mund-Nasen-Schutz oder das Desinfizieren von Kontaktfl\u00e4chen am Ende der \u00dcbung. Durch diesen Schritt ist man zwar noch weit weg von einer Normalit\u00e4t, aber man freut sich mittlerweile auch \u00fcber kleine Schritte zur\u00fcck zu dieser. W\u00e4hrend es f\u00fcr die Gro\u00dfen wieder zur\u00fcck in die Praxis ging, m\u00fcssen sich die Nachwuchsabteilungen Jugendfeuerwehr und Bambins noch gedulden. Hier arbeiten die Verantwortlichen mit Hochdruck an einem entsprechenden Konzept.<\/p>\n<p>Neben den hohen Auflagen in Verbindung mit den praktischen \u00dcbungen, gibt es zudem auch immer noch Einschr\u00e4nkungen im Einsatzdienst. So werden die Wiesbadener Freiwilligen Feuerwehren derzeit noch nicht zu allen \u2013 sonst \u00fcblichen \u2013 Eins\u00e4tzen alarmiert.<\/p>\n","protected":false},"excerpt":{"rendered":"<p>Nach gef\u00fchlt einer halben Ewigkeit hat die Kostheimer Einsatzabteilung in der vergangenen Woche zum ersten Mal wieder einen praktischen \u00dcbungsdienst absolviert. Um auch weiterhin die Kontaktpunkte untereinander so gering wie m\u00f6glich zu halten, mussten zwei Gruppen gebildet werden, die sich nun bis auf weiteres auch an unterschiedlichen Tagen zum \u00dcbungsdienst treffen. Zus\u00e4tzlich gelten dabei auch [&hellip;]<\/p>\n","protected":false},"author":1,"featured_media":0,"comment_status":"closed","ping_status":"open","sticky":false,"template":"","format":"standard","meta":{"_et_pb_use_builder":"","_et_pb_old_content":"","_et_gb_content_width":"","_crdt_document":"","footnotes":""},"categories":[4],"tags":[1338,1318,827,1339,1340,105],"class_list":["post-5682","post","type-post","status-publish","format-standard","hentry","category-einsatzabteilung","tag-wirfuerwiesbaden","tag-corona","tag-einsatzabteilung","tag-gruppen","tag-praktisch","tag-ubung"],"_links":{"self":[{"href":"https:\/\/www.feuerwehrkostheim.de\/index.php?rest_route=\/wp\/v2\/posts\/5682","targetHints":{"allow":["GET"]}}],"collection":[{"href":"https:\/\/www.feuerwehrkostheim.de\/index.php?rest_route=\/wp\/v2\/posts"}],"about":[{"href":"https:\/\/www.feuerwehrkostheim.de\/index.php?rest_route=\/wp\/v2\/types\/post"}],"author":[{"embeddable":true,"href":"https:\/\/www.feuerwehrkostheim.de\/index.php?rest_route=\/wp\/v2\/users\/1"}],"replies":[{"embeddable":true,"href":"https:\/\/www.feuerwehrkostheim.de\/index.php?rest_route=%2Fwp%2Fv2%2Fcomments&post=5682"}],"version-history":[{"count":1,"href":"https:\/\/www.feuerwehrkostheim.de\/index.php?rest_route=\/wp\/v2\/posts\/5682\/revisions"}],"predecessor-version":[{"id":5684,"href":"https:\/\/www.feuerwehrkostheim.de\/index.php?rest_route=\/wp\/v2\/posts\/5682\/revisions\/5684"}],"wp:attachment":[{"href":"https:\/\/www.feuerwehrkostheim.de\/index.php?rest_route=%2Fwp%2Fv2%2Fmedia&parent=5682"}],"wp:term":[{"taxonomy":"category","embeddable":true,"href":"https:\/\/www.feuerwehrkostheim.de\/index.php?rest_route=%2Fwp%2Fv2%2Fcategories&post=5682"},{"taxonomy":"post_tag","embeddable":true,"href":"https:\/\/www.feuerwehrkostheim.de\/index.php?rest_route=%2Fwp%2Fv2%2Ftags&post=5682"}],"curies":[{"name":"wp","href":"https:\/\/api.w.org\/{rel}","templated":true}]}}