{"id":568,"date":"2011-06-13T11:18:30","date_gmt":"2011-06-13T10:18:30","guid":{"rendered":"http:\/\/www.feuerwehrkostheim.de\/ffk\/?p=568"},"modified":"2018-06-02T14:06:54","modified_gmt":"2018-06-02T13:06:54","slug":"terminhinweis-sommerabschlussubung-der-jugendfeuerwehr-beim-weingut-haupt","status":"publish","type":"post","link":"https:\/\/www.feuerwehrkostheim.de\/?p=568","title":{"rendered":"[Terminhinweis]: Sommerabschluss\u00fcbung der Jugendfeuerwehr beim Weingut Haupt"},"content":{"rendered":"<p><img decoding=\"async\" class=\"alignleft\" src=\"http:\/\/www.feuerwehrkostheim.de\/ffk\/wp-content\/bilder\/jf\/jf_logo.jpg\" alt=\"\" \/>Am kommenden<strong> Samstag, den 18. Juni 2011<\/strong> bekommen die G\u00e4ste des <strong>Weingutes Haupt<\/strong>, p\u00fcnktlich zur \u00d6ffnung des Ausschankes einen kleinen Leckerbissen geboten. Die Jugendfeuerwehr darf das Weingut im <strong>Kostheimer Steigweg <\/strong>f\u00fcr ihre diesj\u00e4hrige Sommerabschlu\u00df\u00fcbung nutzen. Wie in jedem Jahr, wird die Sommerpause mit einer gr\u00f6\u00dferen \u00dcbung eingel\u00e4utet, wobei die in den zur\u00fcckliegenden Monaten erlernten Dinge nochmals unter einer realistisch dargestellten Situation abgerufen werden. Aufbau einer l\u00e4ngeren Wasserversorgung, Vermisstensuche und ein L\u00f6schangriff &#8211; nicht nur die aktiven der Einsatzabteilung m\u00fcssen das k\u00f6nnen, auch der Feuerwehrnachwuchs kann mit den &#8220;Gro\u00dfen&#8221; mithalten. Jeder Interessierte, ob jung oder alt, kann sich <strong>gegen 15:30 Uhr<\/strong> selbst ein Bild von der Leistungsf\u00e4higkeit der Jugendabteilung machen.<\/p>\n","protected":false},"excerpt":{"rendered":"<p>Am kommenden Samstag, den 18. Juni 2011 bekommen die G\u00e4ste des Weingutes Haupt, p\u00fcnktlich zur \u00d6ffnung des Ausschankes einen kleinen Leckerbissen geboten. Die Jugendfeuerwehr darf das Weingut im Kostheimer Steigweg f\u00fcr ihre diesj\u00e4hrige Sommerabschlu\u00df\u00fcbung nutzen. Wie in jedem Jahr, wird die Sommerpause mit einer gr\u00f6\u00dferen \u00dcbung eingel\u00e4utet, wobei die in den zur\u00fcckliegenden Monaten erlernten Dinge [&hellip;]<\/p>\n","protected":false},"author":1,"featured_media":0,"comment_status":"closed","ping_status":"open","sticky":false,"template":"","format":"standard","meta":{"_et_pb_use_builder":"","_et_pb_old_content":"","_et_gb_content_width":"","_crdt_document":"","footnotes":""},"categories":[7,9],"tags":[221,828,246,105],"class_list":["post-568","post","type-post","status-publish","format-standard","hentry","category-jugendfeuerwehr","category-veranstaltungen","tag-abschlussubung","tag-jugendfeuerwehr","tag-sommerabschluss","tag-ubung"],"_links":{"self":[{"href":"https:\/\/www.feuerwehrkostheim.de\/index.php?rest_route=\/wp\/v2\/posts\/568","targetHints":{"allow":["GET"]}}],"collection":[{"href":"https:\/\/www.feuerwehrkostheim.de\/index.php?rest_route=\/wp\/v2\/posts"}],"about":[{"href":"https:\/\/www.feuerwehrkostheim.de\/index.php?rest_route=\/wp\/v2\/types\/post"}],"author":[{"embeddable":true,"href":"https:\/\/www.feuerwehrkostheim.de\/index.php?rest_route=\/wp\/v2\/users\/1"}],"replies":[{"embeddable":true,"href":"https:\/\/www.feuerwehrkostheim.de\/index.php?rest_route=%2Fwp%2Fv2%2Fcomments&post=568"}],"version-history":[{"count":0,"href":"https:\/\/www.feuerwehrkostheim.de\/index.php?rest_route=\/wp\/v2\/posts\/568\/revisions"}],"wp:attachment":[{"href":"https:\/\/www.feuerwehrkostheim.de\/index.php?rest_route=%2Fwp%2Fv2%2Fmedia&parent=568"}],"wp:term":[{"taxonomy":"category","embeddable":true,"href":"https:\/\/www.feuerwehrkostheim.de\/index.php?rest_route=%2Fwp%2Fv2%2Fcategories&post=568"},{"taxonomy":"post_tag","embeddable":true,"href":"https:\/\/www.feuerwehrkostheim.de\/index.php?rest_route=%2Fwp%2Fv2%2Ftags&post=568"}],"curies":[{"name":"wp","href":"https:\/\/api.w.org\/{rel}","templated":true}]}}