{"id":5664,"date":"2020-04-08T16:37:21","date_gmt":"2020-04-08T15:37:21","guid":{"rendered":"https:\/\/www.feuerwehrkostheim.de\/?p=5664"},"modified":"2020-04-08T16:42:07","modified_gmt":"2020-04-08T15:42:07","slug":"stichflamme-loest-grosseinsatz-aus","status":"publish","type":"post","link":"https:\/\/www.feuerwehrkostheim.de\/?p=5664","title":{"rendered":"Stichflamme l\u00f6st Gro\u00dfeinsatz aus"},"content":{"rendered":"<p><img loading=\"lazy\" decoding=\"async\" class=\"alignleft\" title=\"Einsatz-Logo\" src=\"https:\/\/www.feuerwehrkostheim.de\/wp-content\/bilder\/sonstige\/logo_einsatz.jpg\" alt=\"Einsatz-Logo\" width=\"100\" height=\"100\" \/><strong>08. April 2020 &#8211; 14:48 Uhr<\/strong><br \/>\n<strong>Hochheimer Stra\u00dfe<\/strong><br \/>\nF 3 Y &#8211; Alarmgruppe mit FF Kastel<br \/>\nEinsatz 23 &#8211; 2020<\/p>\n<p>Ein gemeldetes Feuer im Bereich eines Werkstattbetriebes in der Hochheimer Stra\u00dfe sorgte am Mittwochmittag f\u00fcr einen gr\u00f6\u00dferen Einsatz der Feuerwehr \u2013 da auch eine unbekannte Anzahl Verletzter genannt wurde, auch des Rettungsdienstes. Neben den Freiwilligen Wehren aus Kostheim und Kastel r\u00fcckte die Berufsfeuerwehr mit Einheiten aller drei Feuerwachen nach Kostheim aus. Nachdem die ersten Einsatzkr\u00e4fte vor Ort eintrafen, relativierte sich der Einsatz gl\u00fccklicher Weise relativ schnell. Bei Arbeiten an einem Fahrzeug entstand kurzzeitig \u2013 vermutlich durch einen Kurzschluss ausgel\u00f6st \u2013 eine Stichflamme. Diese f\u00fchrte jedoch nicht zu einem Folgebrand oder gar einer Brandausbreitung. Die Arbeit der Feuerwehr begrenzte sich darauf, dass betroffene Fahrzeug mittels einer W\u00e4rmebildkamera zu kontrollieren. Eine Person wurde vorsorglich dem Rettungsdienst vorgestellt. Die noch auf der Anfahrt befindlichen Kr\u00e4fte konnten abdrehen. Der Einsatz war nach einer halben Stunde beendet.<br \/>\nDie Kostheimer Wehr stellte 20 Einsatzkr\u00e4fte und war mit allen drei Fahrzeugen ausger\u00fcckt.<\/p>\n","protected":false},"excerpt":{"rendered":"<p>08. April 2020 &#8211; 14:48 Uhr Hochheimer Stra\u00dfe F 3 Y &#8211; Alarmgruppe mit FF Kastel Einsatz 23 &#8211; 2020 Ein gemeldetes Feuer im Bereich eines Werkstattbetriebes in der Hochheimer Stra\u00dfe sorgte am Mittwochmittag f\u00fcr einen gr\u00f6\u00dferen Einsatz der Feuerwehr \u2013 da auch eine unbekannte Anzahl Verletzter genannt wurde, auch des Rettungsdienstes. Neben den Freiwilligen [&hellip;]<\/p>\n","protected":false},"author":1,"featured_media":0,"comment_status":"closed","ping_status":"open","sticky":false,"template":"","format":"standard","meta":{"_et_pb_use_builder":"","_et_pb_old_content":"","_et_gb_content_width":"","_crdt_document":"","footnotes":""},"categories":[5],"tags":[110,1268,928,422,1336,411],"class_list":["post-5664","post","type-post","status-publish","format-standard","hentry","category-einsatze","tag-alarmgruppe","tag-f3y","tag-kurzschluss","tag-pkw","tag-stichflamme","tag-werkstatt"],"_links":{"self":[{"href":"https:\/\/www.feuerwehrkostheim.de\/index.php?rest_route=\/wp\/v2\/posts\/5664","targetHints":{"allow":["GET"]}}],"collection":[{"href":"https:\/\/www.feuerwehrkostheim.de\/index.php?rest_route=\/wp\/v2\/posts"}],"about":[{"href":"https:\/\/www.feuerwehrkostheim.de\/index.php?rest_route=\/wp\/v2\/types\/post"}],"author":[{"embeddable":true,"href":"https:\/\/www.feuerwehrkostheim.de\/index.php?rest_route=\/wp\/v2\/users\/1"}],"replies":[{"embeddable":true,"href":"https:\/\/www.feuerwehrkostheim.de\/index.php?rest_route=%2Fwp%2Fv2%2Fcomments&post=5664"}],"version-history":[{"count":4,"href":"https:\/\/www.feuerwehrkostheim.de\/index.php?rest_route=\/wp\/v2\/posts\/5664\/revisions"}],"predecessor-version":[{"id":5668,"href":"https:\/\/www.feuerwehrkostheim.de\/index.php?rest_route=\/wp\/v2\/posts\/5664\/revisions\/5668"}],"wp:attachment":[{"href":"https:\/\/www.feuerwehrkostheim.de\/index.php?rest_route=%2Fwp%2Fv2%2Fmedia&parent=5664"}],"wp:term":[{"taxonomy":"category","embeddable":true,"href":"https:\/\/www.feuerwehrkostheim.de\/index.php?rest_route=%2Fwp%2Fv2%2Fcategories&post=5664"},{"taxonomy":"post_tag","embeddable":true,"href":"https:\/\/www.feuerwehrkostheim.de\/index.php?rest_route=%2Fwp%2Fv2%2Ftags&post=5664"}],"curies":[{"name":"wp","href":"https:\/\/api.w.org\/{rel}","templated":true}]}}