{"id":5657,"date":"2020-04-03T17:44:56","date_gmt":"2020-04-03T16:44:56","guid":{"rendered":"https:\/\/www.feuerwehrkostheim.de\/?p=5657"},"modified":"2020-06-21T18:31:34","modified_gmt":"2020-06-21T17:31:34","slug":"wasserrettungseinsatz-auf-dem-rhein-5","status":"publish","type":"post","link":"https:\/\/www.feuerwehrkostheim.de\/?p=5657","title":{"rendered":"Wasserrettungseinsatz auf dem Rhein"},"content":{"rendered":"<p><img loading=\"lazy\" decoding=\"async\" class=\"alignleft\" title=\"Einsatz-Logo\" src=\"https:\/\/www.feuerwehrkostheim.de\/wp-content\/bilder\/sonstige\/logo_einsatz.jpg\" alt=\"Einsatz-Logo\" width=\"100\" height=\"100\" \/><strong>02. April 2020 &#8211; 20:21 Uhr<\/strong><br \/>\n<strong>Rhein &#8211; unterhalb TH Br\u00fccke<\/strong><br \/>\nH FLUSS Y<br \/>\nEinsatz 22 &#8211; 2020<\/p>\n<p><a href=\"https:\/\/www.feuerwehrkostheim.de\/wp-content\/uploads\/2020\/04\/2020-04-02_Boot.jpg\" target=\"_blank\" rel=\"noopener noreferrer\"><img loading=\"lazy\" decoding=\"async\" class=\"alignright wp-image-5659 size-medium\" style=\"border: 4px solid #D8D8D8;\" src=\"https:\/\/www.feuerwehrkostheim.de\/wp-content\/uploads\/2020\/04\/2020-04-02_Boot-300x225.jpg\" alt=\"\" width=\"300\" height=\"225\" srcset=\"https:\/\/www.feuerwehrkostheim.de\/wp-content\/uploads\/2020\/04\/2020-04-02_Boot-300x225.jpg 300w, https:\/\/www.feuerwehrkostheim.de\/wp-content\/uploads\/2020\/04\/2020-04-02_Boot-1024x768.jpg 1024w, https:\/\/www.feuerwehrkostheim.de\/wp-content\/uploads\/2020\/04\/2020-04-02_Boot-768x576.jpg 768w, https:\/\/www.feuerwehrkostheim.de\/wp-content\/uploads\/2020\/04\/2020-04-02_Boot-1536x1152.jpg 1536w, https:\/\/www.feuerwehrkostheim.de\/wp-content\/uploads\/2020\/04\/2020-04-02_Boot.jpg 1613w\" sizes=\"(max-width: 300px) 100vw, 300px\" \/><\/a>Die Meldung einer Augenzeugin, ein Mann sei von der Theodor-Heuss-Br\u00fccke gesprungen, sorgte am Donnerstagabend f\u00fcr einen Gro\u00dfeinsatz von Rettungskr\u00e4ften beidseits des Rheins. Beide Landeshauptst\u00e4dte alarmierten die jeweils zum Wasserrettungskonzept geh\u00f6renden Einheiten, um im Fluss und an den Ufern nach dem Mann zu suchen. Auf der Wiesbadener Seite waren neben der Berufsfeuerwehr, den DLRGen der Wasserfront auch die Kostheimer Feuerwehr in den Einsatz eingebunden. W\u00e4hrend das Mehrzweckboot auf dem Wasser einen Teil der Suchkette bildete, besetzen die \u00fcbrigen Kameraden insgesamt vier Beobachtungspunkte am Kasteler Ufer sowie auf der Petersaue. Trotz umfangreicher Suche, die auch durch einen Polizeihubschrauber aus der Luft unterst\u00fctzt wurde, konnte niemand in oder am Wasser aufgefunden werden. Nach anderthalb Stunden brach die gemeinsame Einsatzleitung der Feuerweheren Wiesbaden und Mainz die Suche ergebnislos ab.<br \/>\nSeitens der Feuerwehr Kostheim waren insgesamt 22 Kameraden mit dem gesamten Fuhrpark in den Einsatz eingebunden.<\/p>\n","protected":false},"excerpt":{"rendered":"<p>02. April 2020 &#8211; 20:21 Uhr Rhein &#8211; unterhalb TH Br\u00fccke H FLUSS Y Einsatz 22 &#8211; 2020 Die Meldung einer Augenzeugin, ein Mann sei von der Theodor-Heuss-Br\u00fccke gesprungen, sorgte am Donnerstagabend f\u00fcr einen Gro\u00dfeinsatz von Rettungskr\u00e4ften beidseits des Rheins. Beide Landeshauptst\u00e4dte alarmierten die jeweils zum Wasserrettungskonzept geh\u00f6renden Einheiten, um im Fluss und an den [&hellip;]<\/p>\n","protected":false},"author":1,"featured_media":0,"comment_status":"closed","ping_status":"open","sticky":false,"template":"","format":"standard","meta":{"_et_pb_use_builder":"","_et_pb_old_content":"","_et_gb_content_width":"","_crdt_document":"","footnotes":""},"categories":[5],"tags":[1335,702,688,1266,686,520,1334,742,518,1019],"class_list":["post-5657","post","type-post","status-publish","format-standard","hentry","category-einsatze","tag-beobachtungspunkte","tag-bruecke","tag-fluss","tag-hflussy","tag-mzb","tag-rhein","tag-sprung","tag-th-bruecke","tag-wasserrettung","tag-wasserrettungseinsatz"],"_links":{"self":[{"href":"https:\/\/www.feuerwehrkostheim.de\/index.php?rest_route=\/wp\/v2\/posts\/5657","targetHints":{"allow":["GET"]}}],"collection":[{"href":"https:\/\/www.feuerwehrkostheim.de\/index.php?rest_route=\/wp\/v2\/posts"}],"about":[{"href":"https:\/\/www.feuerwehrkostheim.de\/index.php?rest_route=\/wp\/v2\/types\/post"}],"author":[{"embeddable":true,"href":"https:\/\/www.feuerwehrkostheim.de\/index.php?rest_route=\/wp\/v2\/users\/1"}],"replies":[{"embeddable":true,"href":"https:\/\/www.feuerwehrkostheim.de\/index.php?rest_route=%2Fwp%2Fv2%2Fcomments&post=5657"}],"version-history":[{"count":4,"href":"https:\/\/www.feuerwehrkostheim.de\/index.php?rest_route=\/wp\/v2\/posts\/5657\/revisions"}],"predecessor-version":[{"id":5683,"href":"https:\/\/www.feuerwehrkostheim.de\/index.php?rest_route=\/wp\/v2\/posts\/5657\/revisions\/5683"}],"wp:attachment":[{"href":"https:\/\/www.feuerwehrkostheim.de\/index.php?rest_route=%2Fwp%2Fv2%2Fmedia&parent=5657"}],"wp:term":[{"taxonomy":"category","embeddable":true,"href":"https:\/\/www.feuerwehrkostheim.de\/index.php?rest_route=%2Fwp%2Fv2%2Fcategories&post=5657"},{"taxonomy":"post_tag","embeddable":true,"href":"https:\/\/www.feuerwehrkostheim.de\/index.php?rest_route=%2Fwp%2Fv2%2Ftags&post=5657"}],"curies":[{"name":"wp","href":"https:\/\/api.w.org\/{rel}","templated":true}]}}