{"id":5631,"date":"2020-03-20T18:02:20","date_gmt":"2020-03-20T17:02:20","guid":{"rendered":"https:\/\/www.feuerwehrkostheim.de\/?p=5631"},"modified":"2020-03-20T18:06:05","modified_gmt":"2020-03-20T17:06:05","slug":"kostheimer-feuerwehr-ist-einsatzbereit-sorgen-sie-mit-dafuer-dass-das-so-bleibt","status":"publish","type":"post","link":"https:\/\/www.feuerwehrkostheim.de\/?p=5631","title":{"rendered":"Kostheimer Feuerwehr ist einsatzbereit \u2013 sorgen Sie mit daf\u00fcr, dass das so bleibt !"},"content":{"rendered":"<p><a href=\"https:\/\/www.zusammengegencorona.de\/\" target=\"_blank\" rel=\"noopener noreferrer\"><img loading=\"lazy\" decoding=\"async\" class=\"alignright wp-image-5630 size-medium\" src=\"https:\/\/www.feuerwehrkostheim.de\/wp-content\/uploads\/2020\/03\/2020-03-20-wbz-300x151.jpg\" alt=\"\" width=\"300\" height=\"151\" srcset=\"https:\/\/www.feuerwehrkostheim.de\/wp-content\/uploads\/2020\/03\/2020-03-20-wbz-300x151.jpg 300w, https:\/\/www.feuerwehrkostheim.de\/wp-content\/uploads\/2020\/03\/2020-03-20-wbz.jpg 550w\" sizes=\"(max-width: 300px) 100vw, 300px\" \/><\/a>Wie Sie sicher unserer Berichterstattung entnehmen k\u00f6nnen, sind unsere Kameradinnen und Kameraden trotz der aktuell \u00e4u\u00dferst schwierigen Situation in Verbindung mit der Corona-Pandemie f\u00fcr Notf\u00e4lle einsatzbereit. Das dies auch in den kommenden Wochen sichergestellt ist, unternehmen wir eine Vielzahl von Ma\u00dfnahmen, um die Gesundheit unserer Einsatzkr\u00e4fte bestm\u00f6glich zu erhalten und zu sch\u00fctzen. Schon am 11. M\u00e4rz hat die Wehrf\u00fchrung beschlossen die \u00dcbungsdienste aller aktiven Abteilungen (Einsatzabteilung, Jugendfeuerwehr und Bambinifeuerwehr) vorerst bis Ostern auszusetzen, um auch innerhalb der Feuerwehr die Kontakte auf das Mindeste zu reduzieren und niemanden unn\u00f6tig zu gef\u00e4hrden. Zudem entschied man sich am gleichen Tag auch daf\u00fcr, die urspr\u00fcnglich f\u00fcr Sonntag angesetzten Jahreshauptversammlungen abzusagen und auf einen sp\u00e4teren Zeitpunkt zu verschieben. Da im Laufe der aktuellen Woche im Lehrsaal des Ger\u00e4tehauses auch noch Veranstaltungen Dritter, darunter ein Workshop des B\u00fcrgerkollegs Wiesbaden f\u00fcr Kostheimer Vereine h\u00e4tte stattfinden sollen, mussten auch diese zur Vorsorge abgesagt werden.<\/p>\n<p><!--more-->In Zeiten, wo heute niemand genau wei\u00df, was morgen oder gar in den n\u00e4chsten Wochen noch auf uns zukommt, ist es umso wichtiger, dass sich nicht nur die Beh\u00f6rden, Gesundheits- und Pflegedienste oder Hilfsorganisationen dar\u00fcber Gedanken machen, wie wir die Gefahr dieser Pandemie eind\u00e4mmen k\u00f6nnen, sondern jeder einzelne B\u00fcrger unserer Stadt kann seinen Teil dazu beitragen!<\/p>\n<p>Aus diesem Grund appellieren wir an Jeden, sich an die jeweils g\u00fcltigen Vorgaben zu halten. Darunter z\u00e4hlen neben der empfohlenen Hygiene vor allem der so immens wichtige Teil, die sozialen Kontakte auf das N\u00f6tigste zu reduzieren! Es ist keinem geholfen, die aktuell sch\u00f6nen Tage in Gruppen auf der Liegewiese zu genie\u00dfen oder mit Freunden h\u00e4usliche Partys zu feiern. Die derzeitigen Anstrengungen, die Ausbreitungsm\u00f6glichkeiten des Virus mit aller Macht zu unterbinden, sind entscheidend daf\u00fcr, wie hart uns diese Pandemie treffen wird. Dass die Lage mehr als Ernst ist, sollte nach den Nachrichten aus China, Italien und dem Rest der Welt, mittlerweile jeder begriffen haben.<\/p>\n<p><strong>Getreu dem Motto der Feuerwehren \u201eEiner f\u00fcr alle \u2013 Alle f\u00fcr einen\u201c kann jeder einzelne einen immens wichtigen Beitrag dazu leisten, dass wir diese Krise gemeinsam meistern.<\/strong><\/p>\n<p><span style=\"color: #ff0000;\"><strong>Wir sind einsatzbereit \u2013 bleiben Sie Zuhause!<\/strong><\/span><\/p>\n<p><em>Ihre Feuerwehr Kostheim<\/em><\/p>\n","protected":false},"excerpt":{"rendered":"<p>Wie Sie sicher unserer Berichterstattung entnehmen k\u00f6nnen, sind unsere Kameradinnen und Kameraden trotz der aktuell \u00e4u\u00dferst schwierigen Situation in Verbindung mit der Corona-Pandemie f\u00fcr Notf\u00e4lle einsatzbereit. Das dies auch in den kommenden Wochen sichergestellt ist, unternehmen wir eine Vielzahl von Ma\u00dfnahmen, um die Gesundheit unserer Einsatzkr\u00e4fte bestm\u00f6glich zu erhalten und zu sch\u00fctzen. Schon am 11. [&hellip;]<\/p>\n","protected":false},"author":1,"featured_media":0,"comment_status":"closed","ping_status":"open","sticky":false,"template":"","format":"standard","meta":{"_et_pb_use_builder":"","_et_pb_old_content":"","_et_gb_content_width":"","_crdt_document":"","footnotes":""},"categories":[1,4],"tags":[1326,1327,1318,1325,1161,1322,1324,1323],"class_list":["post-5631","post","type-post","status-publish","format-standard","hentry","category-allgemein","category-einsatzabteilung","tag-wirbleibenzuhause","tag-zusammengegencorona","tag-corona","tag-covid-19","tag-einsatzbereitschaft","tag-feuerwehr","tag-pandemie","tag-virus"],"_links":{"self":[{"href":"https:\/\/www.feuerwehrkostheim.de\/index.php?rest_route=\/wp\/v2\/posts\/5631","targetHints":{"allow":["GET"]}}],"collection":[{"href":"https:\/\/www.feuerwehrkostheim.de\/index.php?rest_route=\/wp\/v2\/posts"}],"about":[{"href":"https:\/\/www.feuerwehrkostheim.de\/index.php?rest_route=\/wp\/v2\/types\/post"}],"author":[{"embeddable":true,"href":"https:\/\/www.feuerwehrkostheim.de\/index.php?rest_route=\/wp\/v2\/users\/1"}],"replies":[{"embeddable":true,"href":"https:\/\/www.feuerwehrkostheim.de\/index.php?rest_route=%2Fwp%2Fv2%2Fcomments&post=5631"}],"version-history":[{"count":4,"href":"https:\/\/www.feuerwehrkostheim.de\/index.php?rest_route=\/wp\/v2\/posts\/5631\/revisions"}],"predecessor-version":[{"id":5635,"href":"https:\/\/www.feuerwehrkostheim.de\/index.php?rest_route=\/wp\/v2\/posts\/5631\/revisions\/5635"}],"wp:attachment":[{"href":"https:\/\/www.feuerwehrkostheim.de\/index.php?rest_route=%2Fwp%2Fv2%2Fmedia&parent=5631"}],"wp:term":[{"taxonomy":"category","embeddable":true,"href":"https:\/\/www.feuerwehrkostheim.de\/index.php?rest_route=%2Fwp%2Fv2%2Fcategories&post=5631"},{"taxonomy":"post_tag","embeddable":true,"href":"https:\/\/www.feuerwehrkostheim.de\/index.php?rest_route=%2Fwp%2Fv2%2Ftags&post=5631"}],"curies":[{"name":"wp","href":"https:\/\/api.w.org\/{rel}","templated":true}]}}