{"id":5618,"date":"2020-03-12T19:09:26","date_gmt":"2020-03-12T18:09:26","guid":{"rendered":"https:\/\/www.feuerwehrkostheim.de\/?p=5618"},"modified":"2020-03-16T16:39:15","modified_gmt":"2020-03-16T15:39:15","slug":"hauptversammlungen-am-sonntag-fallen-aus","status":"publish","type":"post","link":"https:\/\/www.feuerwehrkostheim.de\/?p=5618","title":{"rendered":"Hauptversammlungen am Sonntag fallen aus !!"},"content":{"rendered":"<p>Um die Einsatzf\u00e4higkeit der Hilfsorganisationen in Zeiten der Corona-Krise nach besten M\u00f6glichkeiten zu sch\u00fctzen, laufen seit Kurzem auch diverse Vorsichtsma\u00dfnahmen im Bereich der Feuerwehren an. Dabei wurden f\u00fcr die Feuerwachen und Feuerwehrger\u00e4teh\u00e4user im ersten Schritt spezielle Hygienevorschriften herausgegeben und der Besucherverkehr auf das N\u00f6tigste reduziert.<\/p>\n<p>In Anbetracht der fortschreitenden Corona-Entwicklung sowie der ausgesprochenen Empfehlung des Hessischen Ministeriums des Inneren und Sport haben wir gestern entschieden, die f\u00fcr kommenden Sonntag, 15. M\u00e4rz 2020 eingeladene<\/p>\n<p><strong><em>Jahreshauptversammlung der Einsatzabteilung der FF Kostheim<br \/>\n<\/em><\/strong> sowie die<br \/>\n<strong><em>Mitgliederversammlung des F\u00f6rdervereins der Freiwilligen Feuerwehr Mainz-Kostheim 1874 e.V.<br \/>\n<\/em><\/strong><\/p>\n<p>abzusagen.<\/p>\n<p>Einen Ersatztermin kann in beiden F\u00e4llen noch nicht genannt werden.<\/p>\n<p>Die Einladungen hierzu werden seitens des Wehrausschusses sowie des Vereinsvorstandes zum gegebenen Zeitpunkt neu ausgesprochen.<\/p>\n","protected":false},"excerpt":{"rendered":"<p>Um die Einsatzf\u00e4higkeit der Hilfsorganisationen in Zeiten der Corona-Krise nach besten M\u00f6glichkeiten zu sch\u00fctzen, laufen seit Kurzem auch diverse Vorsichtsma\u00dfnahmen im Bereich der Feuerwehren an. Dabei wurden f\u00fcr die Feuerwachen und Feuerwehrger\u00e4teh\u00e4user im ersten Schritt spezielle Hygienevorschriften herausgegeben und der Besucherverkehr auf das N\u00f6tigste reduziert. In Anbetracht der fortschreitenden Corona-Entwicklung sowie der ausgesprochenen Empfehlung des [&hellip;]<\/p>\n","protected":false},"author":1,"featured_media":0,"comment_status":"closed","ping_status":"open","sticky":false,"template":"","format":"standard","meta":{"_et_pb_use_builder":"","_et_pb_old_content":"","_et_gb_content_width":"","_crdt_document":"","footnotes":""},"categories":[4,10],"tags":[1317,1318,1091,1319],"class_list":["post-5618","post","type-post","status-publish","format-standard","hentry","category-einsatzabteilung","category-verein","tag-absage","tag-corona","tag-jhv","tag-vorsichtsmassnahme"],"_links":{"self":[{"href":"https:\/\/www.feuerwehrkostheim.de\/index.php?rest_route=\/wp\/v2\/posts\/5618","targetHints":{"allow":["GET"]}}],"collection":[{"href":"https:\/\/www.feuerwehrkostheim.de\/index.php?rest_route=\/wp\/v2\/posts"}],"about":[{"href":"https:\/\/www.feuerwehrkostheim.de\/index.php?rest_route=\/wp\/v2\/types\/post"}],"author":[{"embeddable":true,"href":"https:\/\/www.feuerwehrkostheim.de\/index.php?rest_route=\/wp\/v2\/users\/1"}],"replies":[{"embeddable":true,"href":"https:\/\/www.feuerwehrkostheim.de\/index.php?rest_route=%2Fwp%2Fv2%2Fcomments&post=5618"}],"version-history":[{"count":2,"href":"https:\/\/www.feuerwehrkostheim.de\/index.php?rest_route=\/wp\/v2\/posts\/5618\/revisions"}],"predecessor-version":[{"id":5620,"href":"https:\/\/www.feuerwehrkostheim.de\/index.php?rest_route=\/wp\/v2\/posts\/5618\/revisions\/5620"}],"wp:attachment":[{"href":"https:\/\/www.feuerwehrkostheim.de\/index.php?rest_route=%2Fwp%2Fv2%2Fmedia&parent=5618"}],"wp:term":[{"taxonomy":"category","embeddable":true,"href":"https:\/\/www.feuerwehrkostheim.de\/index.php?rest_route=%2Fwp%2Fv2%2Fcategories&post=5618"},{"taxonomy":"post_tag","embeddable":true,"href":"https:\/\/www.feuerwehrkostheim.de\/index.php?rest_route=%2Fwp%2Fv2%2Ftags&post=5618"}],"curies":[{"name":"wp","href":"https:\/\/api.w.org\/{rel}","templated":true}]}}