{"id":5608,"date":"2020-03-04T18:07:35","date_gmt":"2020-03-04T17:07:35","guid":{"rendered":"https:\/\/www.feuerwehrkostheim.de\/?p=5608"},"modified":"2020-03-04T18:07:35","modified_gmt":"2020-03-04T17:07:35","slug":"sonderuebung-fuer-bediener-von-motorsaegen","status":"publish","type":"post","link":"https:\/\/www.feuerwehrkostheim.de\/?p=5608","title":{"rendered":"Sonder\u00fcbung f\u00fcr Bediener von Motors\u00e4gen"},"content":{"rendered":"<p>Kurz vor Eintreten der Schonzeit im Rahmen des Naturschutzes hatten einige Kostheimer Kameraden die Gelegenheit, die Arbeitsschritte einer Baumf\u00e4llung im Rahmen einer praktischen \u00dcbung durchzuf\u00fchren.<\/p>\n<p><img decoding=\"async\" class=\"alignleft size-medium\" style=\"border: 4px solid #D8D8D8;\" src=\"https:\/\/live.staticflickr.com\/65535\/49617801103_831319bace_n.jpg\" height=\"320\" \/>Neben dem F\u00e4llen von B\u00e4umen, stellte man auch ein realistische Szenarien nach, in dem die Schnittarbeiten an einem durch Sturm auf ein Auto umgest\u00fcrzten Baum ge\u00fcbt wurden. Der Schwerpunkt hierbei lag darin, die Druck- und Zugseiten des Baumes zu erkennen um ein sicheres Arbeiten mit der Motorkettens\u00e4ge beim Zerkleinern des umgest\u00fcrzten Geh\u00f6lzes gew\u00e4hrleisten zu k\u00f6nnen. Da Baumstrukturen stets abweichen, hatte jeder Motors\u00e4genf\u00fchrer eine andere Gefahren-Situation mit der Druck- und Zugseite. Die Kameraden mussten sich deshalb im Einzelfall \u00fcberlegen, wie sie sich in dieser Situation einen \u00dcberblick verschaffen und vorgehen werden. So konnten die Teilnehmer mehrere Situationen kennenlernen, gemeinsam besprechen und somit f\u00fcr den Einsatzfall wichtige praktische Erfahrung sammeln.<\/p>\n<p><!--more-->Am Ende waren sich alle einig, f\u00fcr das mit Sicherheit irgendwann kommende Unwetter gut gewappnet zu sein.<\/p>\n<p>Ein gro\u00dfer Dank geht an die Landeshauptstadt Wiesbaden f\u00fcr das Zur-Verf\u00fcgung-Stellen des \u00dcbungsplatzes inklusive der zu f\u00e4llenden B\u00e4ume. Weiterhin bedanken wir uns bei der Firma H. Hildenbrandt OHG aus R\u00fcsselsheim, f\u00fcr das bereitgestellte \u00dcbungsfahrzeug.<\/p>\n<p>[FAGP id=5609]<\/p>\n","protected":false},"excerpt":{"rendered":"<p>Kurz vor Eintreten der Schonzeit im Rahmen des Naturschutzes hatten einige Kostheimer Kameraden die Gelegenheit, die Arbeitsschritte einer Baumf\u00e4llung im Rahmen einer praktischen \u00dcbung durchzuf\u00fchren. Neben dem F\u00e4llen von B\u00e4umen, stellte man auch ein realistische Szenarien nach, in dem die Schnittarbeiten an einem durch Sturm auf ein Auto umgest\u00fcrzten Baum ge\u00fcbt wurden. Der Schwerpunkt hierbei [&hellip;]<\/p>\n","protected":false},"author":1,"featured_media":0,"comment_status":"closed","ping_status":"open","sticky":false,"template":"","format":"standard","meta":{"_et_pb_use_builder":"","_et_pb_old_content":"","_et_gb_content_width":"","_crdt_document":"","footnotes":""},"categories":[4],"tags":[420,456,716,714,105],"class_list":["post-5608","post","type-post","status-publish","format-standard","hentry","category-einsatzabteilung","tag-baum","tag-holz","tag-kettensaege","tag-motorsaege","tag-ubung"],"_links":{"self":[{"href":"https:\/\/www.feuerwehrkostheim.de\/index.php?rest_route=\/wp\/v2\/posts\/5608","targetHints":{"allow":["GET"]}}],"collection":[{"href":"https:\/\/www.feuerwehrkostheim.de\/index.php?rest_route=\/wp\/v2\/posts"}],"about":[{"href":"https:\/\/www.feuerwehrkostheim.de\/index.php?rest_route=\/wp\/v2\/types\/post"}],"author":[{"embeddable":true,"href":"https:\/\/www.feuerwehrkostheim.de\/index.php?rest_route=\/wp\/v2\/users\/1"}],"replies":[{"embeddable":true,"href":"https:\/\/www.feuerwehrkostheim.de\/index.php?rest_route=%2Fwp%2Fv2%2Fcomments&post=5608"}],"version-history":[{"count":1,"href":"https:\/\/www.feuerwehrkostheim.de\/index.php?rest_route=\/wp\/v2\/posts\/5608\/revisions"}],"predecessor-version":[{"id":5610,"href":"https:\/\/www.feuerwehrkostheim.de\/index.php?rest_route=\/wp\/v2\/posts\/5608\/revisions\/5610"}],"wp:attachment":[{"href":"https:\/\/www.feuerwehrkostheim.de\/index.php?rest_route=%2Fwp%2Fv2%2Fmedia&parent=5608"}],"wp:term":[{"taxonomy":"category","embeddable":true,"href":"https:\/\/www.feuerwehrkostheim.de\/index.php?rest_route=%2Fwp%2Fv2%2Fcategories&post=5608"},{"taxonomy":"post_tag","embeddable":true,"href":"https:\/\/www.feuerwehrkostheim.de\/index.php?rest_route=%2Fwp%2Fv2%2Ftags&post=5608"}],"curies":[{"name":"wp","href":"https:\/\/api.w.org\/{rel}","templated":true}]}}