{"id":5565,"date":"2020-02-01T12:20:45","date_gmt":"2020-02-01T11:20:45","guid":{"rendered":"https:\/\/www.feuerwehrkostheim.de\/?p=5565"},"modified":"2020-02-02T14:50:50","modified_gmt":"2020-02-02T13:50:50","slug":"kind-im-auto-eingesperrt","status":"publish","type":"post","link":"https:\/\/www.feuerwehrkostheim.de\/?p=5565","title":{"rendered":"Kind im Auto eingesperrt"},"content":{"rendered":"<p><img loading=\"lazy\" decoding=\"async\" class=\"alignleft\" title=\"Einsatz-Logo\" src=\"https:\/\/www.feuerwehrkostheim.de\/wp-content\/bilder\/sonstige\/logo_einsatz.jpg\" alt=\"Einsatz-Logo\" width=\"100\" height=\"100\" \/><strong>31. Januar 2020 &#8211; 16:48 Uhr<\/strong><br \/>\n<strong>Petersweg \/ Kastel<\/strong><br \/>\nH 1<br \/>\nEinsatz 09 &#8211; 2020<\/p>\n<p>Zu einem weiteren Hilfeleistungseinsatz musste ein L\u00f6schfahrzeug der FF Kostheim w\u00e4hrend der Wachbesetzung am Freitag ausr\u00fccken. Um kurz vor 17 Uhr musste man in den Kasteler Petersweg ausr\u00fccken, da auf dem Parkplatz eines dortigen Einkaufsmarktes sich ein Kind in einem PKW eingeschlossen hatte. Vor Ort eingetroffen sorgte man daf\u00fcr, dass das Fahrzeug ge\u00f6ffnet und das Kind der besorgten Mutter \u00fcbergeben werden konnte.<\/p>\n","protected":false},"excerpt":{"rendered":"<p>31. Januar 2020 &#8211; 16:48 Uhr Petersweg \/ Kastel H 1 Einsatz 09 &#8211; 2020 Zu einem weiteren Hilfeleistungseinsatz musste ein L\u00f6schfahrzeug der FF Kostheim w\u00e4hrend der Wachbesetzung am Freitag ausr\u00fccken. Um kurz vor 17 Uhr musste man in den Kasteler Petersweg ausr\u00fccken, da auf dem Parkplatz eines dortigen Einkaufsmarktes sich ein Kind in einem [&hellip;]<\/p>\n","protected":false},"author":1,"featured_media":0,"comment_status":"closed","ping_status":"open","sticky":false,"template":"","format":"standard","meta":{"_et_pb_use_builder":"","_et_pb_old_content":"","_et_gb_content_width":"","_crdt_document":"","footnotes":""},"categories":[5],"tags":[1310,1311,1309,801,422,243],"class_list":["post-5565","post","type-post","status-publish","format-standard","hentry","category-einsatze","tag-auto","tag-h1","tag-kind","tag-parkplatz","tag-pkw","tag-wachbesetzung"],"_links":{"self":[{"href":"https:\/\/www.feuerwehrkostheim.de\/index.php?rest_route=\/wp\/v2\/posts\/5565","targetHints":{"allow":["GET"]}}],"collection":[{"href":"https:\/\/www.feuerwehrkostheim.de\/index.php?rest_route=\/wp\/v2\/posts"}],"about":[{"href":"https:\/\/www.feuerwehrkostheim.de\/index.php?rest_route=\/wp\/v2\/types\/post"}],"author":[{"embeddable":true,"href":"https:\/\/www.feuerwehrkostheim.de\/index.php?rest_route=\/wp\/v2\/users\/1"}],"replies":[{"embeddable":true,"href":"https:\/\/www.feuerwehrkostheim.de\/index.php?rest_route=%2Fwp%2Fv2%2Fcomments&post=5565"}],"version-history":[{"count":1,"href":"https:\/\/www.feuerwehrkostheim.de\/index.php?rest_route=\/wp\/v2\/posts\/5565\/revisions"}],"predecessor-version":[{"id":5566,"href":"https:\/\/www.feuerwehrkostheim.de\/index.php?rest_route=\/wp\/v2\/posts\/5565\/revisions\/5566"}],"wp:attachment":[{"href":"https:\/\/www.feuerwehrkostheim.de\/index.php?rest_route=%2Fwp%2Fv2%2Fmedia&parent=5565"}],"wp:term":[{"taxonomy":"category","embeddable":true,"href":"https:\/\/www.feuerwehrkostheim.de\/index.php?rest_route=%2Fwp%2Fv2%2Fcategories&post=5565"},{"taxonomy":"post_tag","embeddable":true,"href":"https:\/\/www.feuerwehrkostheim.de\/index.php?rest_route=%2Fwp%2Fv2%2Ftags&post=5565"}],"curies":[{"name":"wp","href":"https:\/\/api.w.org\/{rel}","templated":true}]}}