{"id":556,"date":"2011-07-10T22:17:39","date_gmt":"2011-07-10T22:17:39","guid":{"rendered":"http:\/\/www.feuerwehrkostheim.de\/ffk\/?p=556"},"modified":"2018-06-02T14:06:53","modified_gmt":"2018-06-02T13:06:53","slug":"wachbesetzung-feuerwache-2","status":"publish","type":"post","link":"https:\/\/www.feuerwehrkostheim.de\/?p=556","title":{"rendered":"Wachbesetzung Feuerwache 2"},"content":{"rendered":"<p><img loading=\"lazy\" decoding=\"async\" class=\"alignleft\" title=\"Einsatz-Logo\" src=\"http:\/\/www.feuerwehrkostheim.de\/\/ffk\/wp-content\/bilder\/sonstige\/logo_einsatz.jpg\" alt=\"Einsatz-Logo\" width=\"100\" height=\"100\" \/><strong>10. Juli 2011 &#8211; 15:45 Uhr<\/strong><br \/>\n<strong>Feuerwache 2<\/strong><br \/>\nEinheit FF<br \/>\nEinsatz 29 &#8211; 2011<\/p>\n<p>Eine nicht ganz normale Alarmierung erfuhr die FF Kostheim am Sonntagmittag. Da Einheiten der Berufsfeuerwehr zwischen 16 Uhr und 18 Uhr zu einer Schau\u00fcbung auf dem Schiersteiner Hafenfest mussten, wurde \u00fcber Telefon beim stellvertretenden Wehrf\u00fchrer die M\u00f6glichkeit einer Wachbesetzung angefragt. Die Kostheimer Wehr, die turnusgem\u00e4\u00df diesen Monat zu alarmieren w\u00e4re, konnte in k\u00fcrzester Zeit eine Mannschaft stellen und der Anfrage zustimmen. Auf die Ausl\u00f6sung der Melder wurde in diesem Falle verzichtet.<\/p>\n<p><!--more--> Die Kameraden trafen sich um 15:30 Uhr im Ger\u00e4tehaus und fuhren mit dem L\u00f6schfahrzeug und dem MTF auf die Feuerwache 2 nach Kastel. Bevor die Kameraden der BF abr\u00fcckten, erfolgte noch die \u00dcbergabe vom T\u00fcr\u00f6ffnungswerkzeug und Rettungsrucksack. Um die Zeit nicht sinnlos versteichen zu lassen, nutze man die Gelegenheit, das LF in der Waschhalle einer Reinigung zu unterziehen. Nach gut 2 Stunden, einer kleinen St\u00e4rkung in Form eines Tellers H\u00fchnersuppe die Mittags von der Wachabteilung \u00fcbrig geblieben war, ging es um kurz nach 18 Uhr wieder nach Hause.<\/p>\n","protected":false},"excerpt":{"rendered":"<p>10. Juli 2011 &#8211; 15:45 Uhr Feuerwache 2 Einheit FF Einsatz 29 &#8211; 2011 Eine nicht ganz normale Alarmierung erfuhr die FF Kostheim am Sonntagmittag. Da Einheiten der Berufsfeuerwehr zwischen 16 Uhr und 18 Uhr zu einer Schau\u00fcbung auf dem Schiersteiner Hafenfest mussten, wurde \u00fcber Telefon beim stellvertretenden Wehrf\u00fchrer die M\u00f6glichkeit einer Wachbesetzung angefragt. Die [&hellip;]<\/p>\n","protected":false},"author":1,"featured_media":0,"comment_status":"closed","ping_status":"open","sticky":false,"template":"","format":"standard","meta":{"_et_pb_use_builder":"","_et_pb_old_content":"","_et_gb_content_width":"","_crdt_document":"","footnotes":""},"categories":[5],"tags":[242,244,245,243],"class_list":["post-556","post","type-post","status-publish","format-standard","hentry","category-einsatze","tag-feuerwache-2","tag-hafenfest","tag-schierstein","tag-wachbesetzung"],"_links":{"self":[{"href":"https:\/\/www.feuerwehrkostheim.de\/index.php?rest_route=\/wp\/v2\/posts\/556","targetHints":{"allow":["GET"]}}],"collection":[{"href":"https:\/\/www.feuerwehrkostheim.de\/index.php?rest_route=\/wp\/v2\/posts"}],"about":[{"href":"https:\/\/www.feuerwehrkostheim.de\/index.php?rest_route=\/wp\/v2\/types\/post"}],"author":[{"embeddable":true,"href":"https:\/\/www.feuerwehrkostheim.de\/index.php?rest_route=\/wp\/v2\/users\/1"}],"replies":[{"embeddable":true,"href":"https:\/\/www.feuerwehrkostheim.de\/index.php?rest_route=%2Fwp%2Fv2%2Fcomments&post=556"}],"version-history":[{"count":0,"href":"https:\/\/www.feuerwehrkostheim.de\/index.php?rest_route=\/wp\/v2\/posts\/556\/revisions"}],"wp:attachment":[{"href":"https:\/\/www.feuerwehrkostheim.de\/index.php?rest_route=%2Fwp%2Fv2%2Fmedia&parent=556"}],"wp:term":[{"taxonomy":"category","embeddable":true,"href":"https:\/\/www.feuerwehrkostheim.de\/index.php?rest_route=%2Fwp%2Fv2%2Fcategories&post=556"},{"taxonomy":"post_tag","embeddable":true,"href":"https:\/\/www.feuerwehrkostheim.de\/index.php?rest_route=%2Fwp%2Fv2%2Ftags&post=556"}],"curies":[{"name":"wp","href":"https:\/\/api.w.org\/{rel}","templated":true}]}}