{"id":5552,"date":"2020-01-13T17:42:04","date_gmt":"2020-01-13T16:42:04","guid":{"rendered":"https:\/\/www.feuerwehrkostheim.de\/?p=5552"},"modified":"2020-01-13T17:42:04","modified_gmt":"2020-01-13T16:42:04","slug":"brandverdacht-in-der-wiesbadener-strasse","status":"publish","type":"post","link":"https:\/\/www.feuerwehrkostheim.de\/?p=5552","title":{"rendered":"Brandverdacht in der Wiesbadener Stra\u00dfe"},"content":{"rendered":"<p><img loading=\"lazy\" decoding=\"async\" class=\"alignleft\" title=\"Einsatz-Logo\" src=\"https:\/\/www.feuerwehrkostheim.de\/wp-content\/bilder\/sonstige\/logo_einsatz.jpg\" alt=\"Einsatz-Logo\" width=\"100\" height=\"100\" \/><strong>13. Januar 2020 &#8211; 07:39 Uhr<\/strong><br \/>\n<strong>Wiesbadener Stra\u00dfe<\/strong><br \/>\nF 2 \/ Alarmgruppe mit FF-Kastel<br \/>\nEinsatz 05 &#8211; 2020<\/p>\n<p>Zu einem vermeintlichen Feuer im Bereich eines Daches alarmierte die Rettungsleitstelle am Montagmorgen die Feuerwehren aus Kostheim und Kastel als Alarmgruppe sowie den L\u00f6schzug der Berufsfeuerwehr in die Wiesbadner Stra\u00dfe. Obwohl die eintreffenden Einsatzkr\u00e4fte eine Rauchentwicklung best\u00e4tigen konnten, wurden Sie in Bezug auf ein m\u00f6gliches Feuer nicht f\u00fcndig. Man kontrollierte den Kamin des betroffenen Wohnhauses auf m\u00f6gliche Brandstellen. Die Wohnungen \u00fcberpr\u00fcfte man vorsorglich mit einem CO-Warner sowie der W\u00e4rmebildkamera. Da letztentlich nichts festgestellt werden konnte, muss man von einem technischen Defekt an der Heizungsanlage ausgehen. Vorsorglich forderte man auch einen zust\u00e4ndigen Schornsteinfeger an. Unverrichteter Dinge r\u00fcckten erst die freiwilligen Kr\u00e4fte, kurze Zeit sp\u00e4ter die Kameraden der Berufsfeuerwehr wieder ein.<\/p>\n","protected":false},"excerpt":{"rendered":"<p>13. Januar 2020 &#8211; 07:39 Uhr Wiesbadener Stra\u00dfe F 2 \/ Alarmgruppe mit FF-Kastel Einsatz 05 &#8211; 2020 Zu einem vermeintlichen Feuer im Bereich eines Daches alarmierte die Rettungsleitstelle am Montagmorgen die Feuerwehren aus Kostheim und Kastel als Alarmgruppe sowie den L\u00f6schzug der Berufsfeuerwehr in die Wiesbadner Stra\u00dfe. Obwohl die eintreffenden Einsatzkr\u00e4fte eine Rauchentwicklung best\u00e4tigen [&hellip;]<\/p>\n","protected":false},"author":1,"featured_media":0,"comment_status":"closed","ping_status":"open","sticky":false,"template":"","format":"standard","meta":{"_et_pb_use_builder":"","_et_pb_old_content":"","_et_gb_content_width":"","_crdt_document":"","footnotes":""},"categories":[5],"tags":[110,112,527,1265,113,216,219,111,217],"class_list":["post-5552","post","type-post","status-publish","format-standard","hentry","category-einsatze","tag-alarmgruppe","tag-brandverdacht","tag-dach","tag-f2","tag-fehlalarm","tag-kamin","tag-mehrfamilienhaus","tag-rauchentwicklung","tag-schornstein"],"_links":{"self":[{"href":"https:\/\/www.feuerwehrkostheim.de\/index.php?rest_route=\/wp\/v2\/posts\/5552","targetHints":{"allow":["GET"]}}],"collection":[{"href":"https:\/\/www.feuerwehrkostheim.de\/index.php?rest_route=\/wp\/v2\/posts"}],"about":[{"href":"https:\/\/www.feuerwehrkostheim.de\/index.php?rest_route=\/wp\/v2\/types\/post"}],"author":[{"embeddable":true,"href":"https:\/\/www.feuerwehrkostheim.de\/index.php?rest_route=\/wp\/v2\/users\/1"}],"replies":[{"embeddable":true,"href":"https:\/\/www.feuerwehrkostheim.de\/index.php?rest_route=%2Fwp%2Fv2%2Fcomments&post=5552"}],"version-history":[{"count":1,"href":"https:\/\/www.feuerwehrkostheim.de\/index.php?rest_route=\/wp\/v2\/posts\/5552\/revisions"}],"predecessor-version":[{"id":5553,"href":"https:\/\/www.feuerwehrkostheim.de\/index.php?rest_route=\/wp\/v2\/posts\/5552\/revisions\/5553"}],"wp:attachment":[{"href":"https:\/\/www.feuerwehrkostheim.de\/index.php?rest_route=%2Fwp%2Fv2%2Fmedia&parent=5552"}],"wp:term":[{"taxonomy":"category","embeddable":true,"href":"https:\/\/www.feuerwehrkostheim.de\/index.php?rest_route=%2Fwp%2Fv2%2Fcategories&post=5552"},{"taxonomy":"post_tag","embeddable":true,"href":"https:\/\/www.feuerwehrkostheim.de\/index.php?rest_route=%2Fwp%2Fv2%2Ftags&post=5552"}],"curies":[{"name":"wp","href":"https:\/\/api.w.org\/{rel}","templated":true}]}}