{"id":5550,"date":"2020-01-13T17:24:06","date_gmt":"2020-01-13T16:24:06","guid":{"rendered":"https:\/\/www.feuerwehrkostheim.de\/?p=5550"},"modified":"2020-01-13T22:06:21","modified_gmt":"2020-01-13T21:06:21","slug":"weihnachtsbaumsammlung-der-jugendfeuerwehr-3","status":"publish","type":"post","link":"https:\/\/www.feuerwehrkostheim.de\/?p=5550","title":{"rendered":"Weihnachtsbaumsammlung der Jugendfeuerwehr"},"content":{"rendered":"<p><img loading=\"lazy\" decoding=\"async\" class=\"alignright \" style=\"border: 4px solid #D8D8D8;\" src=\"https:\/\/live.staticflickr.com\/65535\/49379379608_204186c5da_n.jpg\" width=\"340\" height=\"191\" \/>Am Samstag, nach dem drei K\u00f6nigstag, war es wieder soweit &#8211; unsere Jugendfeuerwehr sammelte mit Unterst\u00fctzung einiger Aktiven und in Zusammenarbeit mit den Entsorgungsbetriebe der Landeshauptstadt Wiesbaden (ELW), die ausgedienten Weihnachtsb\u00e4ume der Kostheimer B\u00fcrger ein.<\/p>\n<p><img decoding=\"async\" class=\"alignleft size-medium\" style=\"border: 4px solid #D8D8D8;\" src=\"https:\/\/live.staticflickr.com\/65535\/49380033717_bbd7b073de_n.jpg\" height=\"240\" \/>Um 9 Uhr schw\u00e4rmte man vom Ger\u00e4tehaus in die Stra\u00dfen von Kostheim aus, um die ausgedienten B\u00e4ume, mittels MTF und Anh\u00e4nger in den von der ELW zur Verf\u00fcgung gestellten Sperrm\u00fcllwagen einzuladen. Auch die von der Einsatzabteilung im letzten Jahr aufgestellten Weihnachtsb\u00e4ume am Kostheimer B\u00fcrgerhaus und Weinstand wurden gef\u00e4llt und in den Presswagen geladen. Zur Mittagszeit versammelte man sich zur St\u00e4rkung wieder im Ger\u00e4tehaus, bevor man die restlichen und zu sp\u00e4t rausgestellten B\u00e4ume einsammelte.<\/p>\n<p><!--more-->Die Jugendfeuerwehr Kostheim bedankt sich, neben Herrn Bernd Becker &#8211; f\u00fcr die Zurverf\u00fcgungstellung seines Anh\u00e4ngers &#8211; auch bei dem Team der ELW mit ihrem Gro\u00dffahrzeug. Ein ganz gro\u00dfes Danke geb\u00fchrt den Kostheimer B\u00fcrgern, die den Abholdienst in Form einer kleinen Spende honorierten.<\/p>\n<p>[FAGP id=5549]<\/p>\n","protected":false},"excerpt":{"rendered":"<p>Am Samstag, nach dem drei K\u00f6nigstag, war es wieder soweit &#8211; unsere Jugendfeuerwehr sammelte mit Unterst\u00fctzung einiger Aktiven und in Zusammenarbeit mit den Entsorgungsbetriebe der Landeshauptstadt Wiesbaden (ELW), die ausgedienten Weihnachtsb\u00e4ume der Kostheimer B\u00fcrger ein. Um 9 Uhr schw\u00e4rmte man vom Ger\u00e4tehaus in die Stra\u00dfen von Kostheim aus, um die ausgedienten B\u00e4ume, mittels MTF und [&hellip;]<\/p>\n","protected":false},"author":1,"featured_media":0,"comment_status":"closed","ping_status":"open","sticky":false,"template":"","format":"standard","meta":{"_et_pb_use_builder":"","_et_pb_old_content":"","_et_gb_content_width":"","_crdt_document":"","footnotes":""},"categories":[7,9],"tags":[855,55,276,52],"class_list":["post-5550","post","type-post","status-publish","format-standard","hentry","category-jugendfeuerwehr","category-veranstaltungen","tag-elw","tag-sammlung","tag-weihnachtsbaum","tag-weihnachtsbaumsammlung"],"_links":{"self":[{"href":"https:\/\/www.feuerwehrkostheim.de\/index.php?rest_route=\/wp\/v2\/posts\/5550","targetHints":{"allow":["GET"]}}],"collection":[{"href":"https:\/\/www.feuerwehrkostheim.de\/index.php?rest_route=\/wp\/v2\/posts"}],"about":[{"href":"https:\/\/www.feuerwehrkostheim.de\/index.php?rest_route=\/wp\/v2\/types\/post"}],"author":[{"embeddable":true,"href":"https:\/\/www.feuerwehrkostheim.de\/index.php?rest_route=\/wp\/v2\/users\/1"}],"replies":[{"embeddable":true,"href":"https:\/\/www.feuerwehrkostheim.de\/index.php?rest_route=%2Fwp%2Fv2%2Fcomments&post=5550"}],"version-history":[{"count":3,"href":"https:\/\/www.feuerwehrkostheim.de\/index.php?rest_route=\/wp\/v2\/posts\/5550\/revisions"}],"predecessor-version":[{"id":5557,"href":"https:\/\/www.feuerwehrkostheim.de\/index.php?rest_route=\/wp\/v2\/posts\/5550\/revisions\/5557"}],"wp:attachment":[{"href":"https:\/\/www.feuerwehrkostheim.de\/index.php?rest_route=%2Fwp%2Fv2%2Fmedia&parent=5550"}],"wp:term":[{"taxonomy":"category","embeddable":true,"href":"https:\/\/www.feuerwehrkostheim.de\/index.php?rest_route=%2Fwp%2Fv2%2Fcategories&post=5550"},{"taxonomy":"post_tag","embeddable":true,"href":"https:\/\/www.feuerwehrkostheim.de\/index.php?rest_route=%2Fwp%2Fv2%2Ftags&post=5550"}],"curies":[{"name":"wp","href":"https:\/\/api.w.org\/{rel}","templated":true}]}}