{"id":554,"date":"2011-07-13T22:16:14","date_gmt":"2011-07-13T22:16:14","guid":{"rendered":"http:\/\/www.feuerwehrkostheim.de\/ffk\/?p=554"},"modified":"2018-06-02T14:06:53","modified_gmt":"2018-06-02T13:06:53","slug":"grose-olspur-in-wiesbaden-biebrich-wachbesetzung-fur-die-ff-kostheim","status":"publish","type":"post","link":"https:\/\/www.feuerwehrkostheim.de\/?p=554","title":{"rendered":"Gro\u00dfe \u00d6lspur in Wiesbaden-Biebrich &#8211; Wachbesetzung f\u00fcr die FF Kostheim"},"content":{"rendered":"<p><img loading=\"lazy\" decoding=\"async\" class=\"alignleft\" title=\"Einsatz-Logo\" src=\"http:\/\/www.feuerwehrkostheim.de\/\/ffk\/wp-content\/bilder\/sonstige\/logo_einsatz.jpg\" alt=\"Einsatz-Logo\" width=\"100\" height=\"100\" \/><strong>13. Juli 2011 &#8211; 17:58 Uhr<\/strong><br \/>\n<strong>Feuerwache 2<\/strong><br \/>\nEinheit FF<br \/>\nEinsatz 30 &#8211; 2011<\/p>\n<p>Aufgrund einer gr\u00f6\u00dferen \u00d6lspur in Wiesbaden-Biebrich, wurde die Kostheimer Wehr am fr\u00fchen Mittwochabend erneut zur Wachbesetzung alarmiert. Dieses Mal aber wie \u00fcblich \u00fcber Meldeempf\u00e4nger. Aufgrund der Lagemeldung und der zu erwartenden Arbeitszeit entschied der Lagedienst auf der Feuerwache 1, die Feuerwache 2 besetzen zu lassen. <!--more-->Kurze Zeit nach der Alarmierung r\u00fcckten beide L\u00f6schfahrzeuge aus. Da der Einsatz in Biebrich dann doch schneller beendet werden konnte, wie zuerst erwartet, r\u00fcckten die Kostheimer nach knapp einer Stunde wieder ein.<\/p>\n","protected":false},"excerpt":{"rendered":"<p>13. Juli 2011 &#8211; 17:58 Uhr Feuerwache 2 Einheit FF Einsatz 30 &#8211; 2011 Aufgrund einer gr\u00f6\u00dferen \u00d6lspur in Wiesbaden-Biebrich, wurde die Kostheimer Wehr am fr\u00fchen Mittwochabend erneut zur Wachbesetzung alarmiert. Dieses Mal aber wie \u00fcblich \u00fcber Meldeempf\u00e4nger. Aufgrund der Lagemeldung und der zu erwartenden Arbeitszeit entschied der Lagedienst auf der Feuerwache 1, die Feuerwache [&hellip;]<\/p>\n","protected":false},"author":1,"featured_media":0,"comment_status":"closed","ping_status":"open","sticky":false,"template":"","format":"standard","meta":{"_et_pb_use_builder":"","_et_pb_old_content":"","_et_gb_content_width":"","_crdt_document":"","footnotes":""},"categories":[5],"tags":[242,222,117,243],"class_list":["post-554","post","type-post","status-publish","format-standard","hentry","category-einsatze","tag-feuerwache-2","tag-kastel","tag-olspur","tag-wachbesetzung"],"_links":{"self":[{"href":"https:\/\/www.feuerwehrkostheim.de\/index.php?rest_route=\/wp\/v2\/posts\/554","targetHints":{"allow":["GET"]}}],"collection":[{"href":"https:\/\/www.feuerwehrkostheim.de\/index.php?rest_route=\/wp\/v2\/posts"}],"about":[{"href":"https:\/\/www.feuerwehrkostheim.de\/index.php?rest_route=\/wp\/v2\/types\/post"}],"author":[{"embeddable":true,"href":"https:\/\/www.feuerwehrkostheim.de\/index.php?rest_route=\/wp\/v2\/users\/1"}],"replies":[{"embeddable":true,"href":"https:\/\/www.feuerwehrkostheim.de\/index.php?rest_route=%2Fwp%2Fv2%2Fcomments&post=554"}],"version-history":[{"count":0,"href":"https:\/\/www.feuerwehrkostheim.de\/index.php?rest_route=\/wp\/v2\/posts\/554\/revisions"}],"wp:attachment":[{"href":"https:\/\/www.feuerwehrkostheim.de\/index.php?rest_route=%2Fwp%2Fv2%2Fmedia&parent=554"}],"wp:term":[{"taxonomy":"category","embeddable":true,"href":"https:\/\/www.feuerwehrkostheim.de\/index.php?rest_route=%2Fwp%2Fv2%2Fcategories&post=554"},{"taxonomy":"post_tag","embeddable":true,"href":"https:\/\/www.feuerwehrkostheim.de\/index.php?rest_route=%2Fwp%2Fv2%2Ftags&post=554"}],"curies":[{"name":"wp","href":"https:\/\/api.w.org\/{rel}","templated":true}]}}