{"id":5536,"date":"2020-01-05T13:09:36","date_gmt":"2020-01-05T12:09:36","guid":{"rendered":"https:\/\/www.feuerwehrkostheim.de\/?p=5536"},"modified":"2020-01-05T13:09:36","modified_gmt":"2020-01-05T12:09:36","slug":"jugendfeuerwehr-sammelt-ausgediente-weihnachtsbaeume","status":"publish","type":"post","link":"https:\/\/www.feuerwehrkostheim.de\/?p=5536","title":{"rendered":"Jugendfeuerwehr sammelt ausgediente Weihnachtsb\u00e4ume"},"content":{"rendered":"<p><a href=\"https:\/\/www.feuerwehrkostheim.de\/wp-content\/uploads\/2020\/01\/2020-01-11_Baumsammlung-scaled.jpg\" target=\"_blank\" rel=\"noopener noreferrer\"><img loading=\"lazy\" decoding=\"async\" class=\"size-medium wp-image-5535 alignright\" style=\"border: 4px solid #D8D8D8;\" src=\"https:\/\/www.feuerwehrkostheim.de\/wp-content\/uploads\/2020\/01\/2020-01-11_Baumsammlung-252x300.jpg\" alt=\"\" width=\"252\" height=\"300\" srcset=\"https:\/\/www.feuerwehrkostheim.de\/wp-content\/uploads\/2020\/01\/2020-01-11_Baumsammlung-252x300.jpg 252w, https:\/\/www.feuerwehrkostheim.de\/wp-content\/uploads\/2020\/01\/2020-01-11_Baumsammlung-859x1024.jpg 859w, https:\/\/www.feuerwehrkostheim.de\/wp-content\/uploads\/2020\/01\/2020-01-11_Baumsammlung-768x916.jpg 768w, https:\/\/www.feuerwehrkostheim.de\/wp-content\/uploads\/2020\/01\/2020-01-11_Baumsammlung-1288x1536.jpg 1288w, https:\/\/www.feuerwehrkostheim.de\/wp-content\/uploads\/2020\/01\/2020-01-11_Baumsammlung-1718x2048.jpg 1718w\" sizes=\"(max-width: 252px) 100vw, 252px\" \/><\/a>Am <strong>Samstag, den 11. Januar 2020<\/strong> haben die Kostheimer B\u00fcrger wieder die M\u00f6glichkeit, ihren abgeschm\u00fcckten Weihnachtsbaum bequem vor der Haust\u00fcr abholen zu lassen.<\/p>\n<p>Die Jugendfeuerwehr Kostheim sammelt in Zusammenarbeit mit der ELW die B\u00e4ume an dem Tag von 9 &#8211; 14 Uhr ein. \u00dcber eine kleine Spende w\u00fcrden die Nachwuchsfeuerwehrm\u00e4nner\/frauen sehr freuen. Hierzu sollten Sie bitte einen kleinen Zettel mit Namen und Anschrift am Baum anbringen \u2013 die Spende wird dann sp\u00e4ter pers\u00f6nlich abgeholt.<\/p>\n<p><strong>Aus organisatorischen Gr\u00fcnden muss der Baum um 9 Uhr vor der Haust\u00fcr stehen. Sp\u00e4ter herausgestellte B\u00e4ume werden unter Umst\u00e4nden nicht mehr abgeholt.<\/strong><\/p>\n<p>Die Jugendfeuerwehr w\u00fcnscht allen Kostheimer B\u00fcrgern einen guten Start ins neue Jahrzehnt.<\/p>\n","protected":false},"excerpt":{"rendered":"<p>Am Samstag, den 11. Januar 2020 haben die Kostheimer B\u00fcrger wieder die M\u00f6glichkeit, ihren abgeschm\u00fcckten Weihnachtsbaum bequem vor der Haust\u00fcr abholen zu lassen. Die Jugendfeuerwehr Kostheim sammelt in Zusammenarbeit mit der ELW die B\u00e4ume an dem Tag von 9 &#8211; 14 Uhr ein. \u00dcber eine kleine Spende w\u00fcrden die Nachwuchsfeuerwehrm\u00e4nner\/frauen sehr freuen. Hierzu sollten Sie [&hellip;]<\/p>\n","protected":false},"author":1,"featured_media":0,"comment_status":"closed","ping_status":"open","sticky":false,"template":"","format":"standard","meta":{"_et_pb_use_builder":"","_et_pb_old_content":"","_et_gb_content_width":"","_crdt_document":"","footnotes":""},"categories":[7,9],"tags":[855,551,55,276,52],"class_list":["post-5536","post","type-post","status-publish","format-standard","hentry","category-jugendfeuerwehr","category-veranstaltungen","tag-elw","tag-jugend","tag-sammlung","tag-weihnachtsbaum","tag-weihnachtsbaumsammlung"],"_links":{"self":[{"href":"https:\/\/www.feuerwehrkostheim.de\/index.php?rest_route=\/wp\/v2\/posts\/5536","targetHints":{"allow":["GET"]}}],"collection":[{"href":"https:\/\/www.feuerwehrkostheim.de\/index.php?rest_route=\/wp\/v2\/posts"}],"about":[{"href":"https:\/\/www.feuerwehrkostheim.de\/index.php?rest_route=\/wp\/v2\/types\/post"}],"author":[{"embeddable":true,"href":"https:\/\/www.feuerwehrkostheim.de\/index.php?rest_route=\/wp\/v2\/users\/1"}],"replies":[{"embeddable":true,"href":"https:\/\/www.feuerwehrkostheim.de\/index.php?rest_route=%2Fwp%2Fv2%2Fcomments&post=5536"}],"version-history":[{"count":1,"href":"https:\/\/www.feuerwehrkostheim.de\/index.php?rest_route=\/wp\/v2\/posts\/5536\/revisions"}],"predecessor-version":[{"id":5537,"href":"https:\/\/www.feuerwehrkostheim.de\/index.php?rest_route=\/wp\/v2\/posts\/5536\/revisions\/5537"}],"wp:attachment":[{"href":"https:\/\/www.feuerwehrkostheim.de\/index.php?rest_route=%2Fwp%2Fv2%2Fmedia&parent=5536"}],"wp:term":[{"taxonomy":"category","embeddable":true,"href":"https:\/\/www.feuerwehrkostheim.de\/index.php?rest_route=%2Fwp%2Fv2%2Fcategories&post=5536"},{"taxonomy":"post_tag","embeddable":true,"href":"https:\/\/www.feuerwehrkostheim.de\/index.php?rest_route=%2Fwp%2Fv2%2Ftags&post=5536"}],"curies":[{"name":"wp","href":"https:\/\/api.w.org\/{rel}","templated":true}]}}