{"id":5514,"date":"2020-01-01T16:25:51","date_gmt":"2020-01-01T15:25:51","guid":{"rendered":"https:\/\/www.feuerwehrkostheim.de\/?p=5514"},"modified":"2020-01-01T16:26:17","modified_gmt":"2020-01-01T15:26:17","slug":"feuer-im-dachbereich-schnell-bemerkt-und-geloescht","status":"publish","type":"post","link":"https:\/\/www.feuerwehrkostheim.de\/?p=5514","title":{"rendered":"Feuer im Dachbereich schnell bemerkt und gel\u00f6scht"},"content":{"rendered":"<p><img loading=\"lazy\" decoding=\"async\" class=\"alignleft\" title=\"Einsatz-Logo\" src=\"https:\/\/www.feuerwehrkostheim.de\/wp-content\/bilder\/sonstige\/logo_einsatz.jpg\" alt=\"Einsatz-Logo\" width=\"100\" height=\"100\" \/><strong>01. Januar 2020<\/strong><strong> &#8211; 00:49 Uhr<\/strong><br \/>\n<strong>Neustra\u00dfe \/ Kastel<\/strong><br \/>\nF2<br \/>\nEinsatz 01 &#8211; 2020<\/p>\n<p><img loading=\"lazy\" decoding=\"async\" class=\"alignright size-large\" style=\"border: 4px solid #D8D8D8;\" src=\"https:\/\/live.staticflickr.com\/65535\/49310280477_e1e2a56701_n.jpg\" width=\"320\" height=\"240\" \/>Das neue Jahrzehnt war noch keine Stunde alt, die Feuerwehrfahrzeuge vom Balkonbrand noch nicht vollends wieder aufger\u00fcstet, als die Kostheimer Feuerwehr \u00fcber Funk von der Leitstelle angesprochen und in die Kasteler Neustra\u00dfe beordert wurde. Von dort meldeten Anrufer ein Feuer im Bereich des Daches. Zus\u00e4tzlich waren auch die Kollegen aus Kastel, eine Drehleiter sowie der Einsatzleitdienst der Berufsfeuerwehr alarmiert.<\/p>\n<p>An der Einsatzstelle eingetroffen, konnte ein kleinerer Brand am Dachgeb\u00e4lk\u00fcberstand eines Hauses festgestellt werden. Durch die Vornahme eines Strahlrohres konnte das Feuer schnell gel\u00f6scht und somit die Ausbreitung unterbunden werden.<\/p>\n<p><!--more--><\/p>\n<p><img loading=\"lazy\" decoding=\"async\" class=\"size-large alignleft\" style=\"border: 4px solid #D8D8D8;\" src=\"https:\/\/live.staticflickr.com\/65535\/49310280952_2c820a3e61_n.jpg\" width=\"320\" height=\"240\" \/>Vorsichtshalber brachte man die Drehleiter in Stellung und \u00f6ffnete Teile des Daches, um zu kontrollieren, dass auch alle Glutnester abgel\u00f6scht waren.<\/p>\n<p>Die Kostheimer Wehr konnte nach etwa einer Stunde von der Einsatzstelle abr\u00fccken und auf der Feuerwache 2 ihre Einsatzfahrzeuge wieder mit neuen Schl\u00e4uchen und Atemschutzger\u00e4ten best\u00fccken sowie die noch im vorigen Einsatz dem Brandrauch ausgesetzte Einsatzkleidung gegen frische austauschen. Gegen 2:30 Uhr kehrte man nach einem arbeitsreichen Jahreswechsel wieder ins Ger\u00e4tehaus zur\u00fcck und konnte auf das neue Jahr ansto\u00dfen.<\/p>\n<p>[FAGP id=5513]<\/p>\n","protected":false},"excerpt":{"rendered":"<p>01. Januar 2020 &#8211; 00:49 Uhr Neustra\u00dfe \/ Kastel F2 Einsatz 01 &#8211; 2020 Das neue Jahrzehnt war noch keine Stunde alt, die Feuerwehrfahrzeuge vom Balkonbrand noch nicht vollends wieder aufger\u00fcstet, als die Kostheimer Feuerwehr \u00fcber Funk von der Leitstelle angesprochen und in die Kasteler Neustra\u00dfe beordert wurde. Von dort meldeten Anrufer ein Feuer im [&hellip;]<\/p>\n","protected":false},"author":1,"featured_media":0,"comment_status":"closed","ping_status":"open","sticky":false,"template":"","format":"standard","meta":{"_et_pb_use_builder":"","_et_pb_old_content":"","_et_gb_content_width":"","_crdt_document":"","footnotes":""},"categories":[5],"tags":[50,527,305,304,31,222],"class_list":["post-5514","post","type-post","status-publish","format-standard","hentry","category-einsatze","tag-brand","tag-dach","tag-dachstuhl","tag-dachstuhlbrand","tag-feuer","tag-kastel"],"_links":{"self":[{"href":"https:\/\/www.feuerwehrkostheim.de\/index.php?rest_route=\/wp\/v2\/posts\/5514","targetHints":{"allow":["GET"]}}],"collection":[{"href":"https:\/\/www.feuerwehrkostheim.de\/index.php?rest_route=\/wp\/v2\/posts"}],"about":[{"href":"https:\/\/www.feuerwehrkostheim.de\/index.php?rest_route=\/wp\/v2\/types\/post"}],"author":[{"embeddable":true,"href":"https:\/\/www.feuerwehrkostheim.de\/index.php?rest_route=\/wp\/v2\/users\/1"}],"replies":[{"embeddable":true,"href":"https:\/\/www.feuerwehrkostheim.de\/index.php?rest_route=%2Fwp%2Fv2%2Fcomments&post=5514"}],"version-history":[{"count":2,"href":"https:\/\/www.feuerwehrkostheim.de\/index.php?rest_route=\/wp\/v2\/posts\/5514\/revisions"}],"predecessor-version":[{"id":5516,"href":"https:\/\/www.feuerwehrkostheim.de\/index.php?rest_route=\/wp\/v2\/posts\/5514\/revisions\/5516"}],"wp:attachment":[{"href":"https:\/\/www.feuerwehrkostheim.de\/index.php?rest_route=%2Fwp%2Fv2%2Fmedia&parent=5514"}],"wp:term":[{"taxonomy":"category","embeddable":true,"href":"https:\/\/www.feuerwehrkostheim.de\/index.php?rest_route=%2Fwp%2Fv2%2Fcategories&post=5514"},{"taxonomy":"post_tag","embeddable":true,"href":"https:\/\/www.feuerwehrkostheim.de\/index.php?rest_route=%2Fwp%2Fv2%2Ftags&post=5514"}],"curies":[{"name":"wp","href":"https:\/\/api.w.org\/{rel}","templated":true}]}}