{"id":5471,"date":"2019-12-15T11:45:12","date_gmt":"2019-12-15T10:45:12","guid":{"rendered":"https:\/\/www.feuerwehrkostheim.de\/?p=5471"},"modified":"2019-12-15T11:45:12","modified_gmt":"2019-12-15T10:45:12","slug":"zahlreiche-ehrungen-und-befoerderungen-am-jubilarenabend","status":"publish","type":"post","link":"https:\/\/www.feuerwehrkostheim.de\/?p=5471","title":{"rendered":"Zahlreiche Ehrungen und Bef\u00f6rderungen am Jubilarenabend"},"content":{"rendered":"<p><img decoding=\"async\" class=\"alignright size-medium\" style=\"border: 4px solid #D8D8D8;\" src=\"https:\/\/live.staticflickr.com\/65535\/49221066248_219344e84e_n.jpg\" height=\"213\" \/>Die Kostheimer Feuerwehr veranstaltete Ende November ihren im Zweijahres-Rhythmus stattfindenden Jubilarenabend. Da das Platzangebot in der gro\u00dfen Fahrzeughalle des Ger\u00e4tehauses nicht mehr ausgereicht h\u00e4tte, wechselte man in den Gemeindesaal der Pfarrei St. Kilian. Bevor man in den gro\u00dfen Block der Ehrungen und Bef\u00f6rderungen einstieg, begr\u00fc\u00dften Wehrf\u00fchrer Michael Stark und sein Vertreter Mathias M\u00e4mpel die anwesenden G\u00e4ste und erm\u00f6glichten den zahlreichen Ehreng\u00e4sten, darunter der kommissarische Leiter der Feuerwehr Wiesbaden Johannes Mumbauer , die Stadtbrandinspektion und der in Vertretung f\u00fcr den Oberb\u00fcrgermeister anwesende Stadtrat Reiner Schuster ein Gru\u00dfwort an die Anwesenden zu richten.<\/p>\n<p><img decoding=\"async\" class=\"alignleft size-medium\" style=\"border: 4px solid #D8D8D8;\" src=\"https:\/\/live.staticflickr.com\/65535\/49221547116_fd78407146_n.jpg\" height=\"213\" \/>Ein kleiner R\u00fcckblick auf die vergangenen zwei Jahre rundete den Einstieg in einen w\u00fcrdigen Ehrungsteil ab.<\/p>\n<p>Zu Beginn wurden vom gesch\u00e4ftsf\u00fchrenden Vorstand die langj\u00e4hrigen Mitglieder des Vereins geehrt. Darunter geh\u00f6rten Mitglieder, die 25, 40, 50 und sogar 60 Jahre den Verein Feuerwehr Kostheim mit ihrer Mitgliedschaft unterst\u00fctzen.<\/p>\n<p><!--more--> <img decoding=\"async\" class=\"size-medium alignright\" style=\"border: 4px solid #D8D8D8;\" src=\"https:\/\/live.staticflickr.com\/65535\/49221546746_f71468879e_n.jpg\" height=\"213\" \/>Im \u00f6ffentlich-rechtlichen Teil der Feuerwehr sprach im Anschluss Branddirektor Johannes Mumbauer mit Unterst\u00fctzung der Stadtbrandinspektion die Bef\u00f6rderungen der Kameradinnen und Kameraden aus.<\/p>\n<p>Neben den Ehrungen durch den Nassauischen Feuerwehrverband sowie die Auszeichnungen mit der Katastrophenschutzmedaille gab es auch vier ganz besondere Auszeichnungen.<\/p>\n<p>Mit dem Brandschutzehrenabzeichen in Silber f\u00fcr 25 Jahre aktiven Feuerwehrdienst wurde Mathias Jost ausgezeichnet. Das Brandschutzehrenabzeichen in Gold bekam Stadtbrandinspektor und ehemaliger Wehrf\u00fchrer der Kostheimer Wehr Thomas Stein verliehen.<\/p>\n<p><img decoding=\"async\" class=\"alignleft size-medium\" style=\"border: 4px solid #D8D8D8;\" src=\"https:\/\/live.staticflickr.com\/65535\/49221770222_e7503d3167_n.jpg\" height=\"213\" \/>Das Ehrenzeichen in Silber des Kreisfeuerwehrverbandes wurde Kameradin Bianca Stark und Kamerad Gottfried Geider verliehen. Bianca Stark unterst\u00fctzt seit Jahren die Nachwuchsarbeit in der Wehr und war Mitgr\u00fcnderin der Bambinifeuerwehr. Gottfried Geider, der nach 44 Jahren aktivem Einsatzdienst seit 2013 Mitglied der Ehren- und Altersabteilung ist, greift der Feuerwehr Kostheim bei ihren vielen Veranstaltungen immer tatkr\u00e4ftig unter die Arme.<\/p>\n<p>Zu guter Letzt bekam Christian Sch\u00e4fer als Dank und Anerkennung f\u00fcr seine tatkr\u00e4ftige Unterst\u00fctzung der Jugendfeuerwehr durch den Stadtjugendfeuerwehrwart Uwe Waldaestel die Floriansmedaille der Hessischen Jugendfeuerwehr verliehen.<\/p>\n<p>Mit der Er\u00f6ffnung des Buffets beendete Wehrf\u00fchrer Stark den f\u00f6rmlichen Teil der Feier -ein gem\u00fctlicher Abend in tollem Ambiente und geselliger Atmosph\u00e4re rundete die rundum gelungene Veranstaltung w\u00fcrdig ab.<\/p>\n<h2>Die Jubilare im \u00dcberblick<\/h2>\n<h3>Ehrungen Vereinsmitglieder:<\/h3>\n<ul>\n<li><strong>25 Jahre Mitgliedschaft<\/strong><br \/>\nTobias Geider, Mathias Jost, Monika Keller, Kai R\u00f6hrig, Bianca Stark, Stefanie Stein<\/li>\n<li><strong>40 Jahre Mitgliedschaft<\/strong><br \/>\nManuel Andradi, Frank Krimmel, Franz Lustenberger, Klaus-Dieter R\u00fcdrich, Gerhard Schmeer, Manfred Stein, Thomas Stein<\/li>\n<li><strong>50 Jahre Mitgliedschaft<\/strong><br \/>\nHerbert Dittmann, Gottfried Geider, Dieter Hietel<\/li>\n<li><strong>60 Jahre Mitgliedschaft<\/strong><br \/>\nKlaus Bott, Klaus Keller<\/li>\n<\/ul>\n<h3>Bef\u00f6rderungen in der Einsatzabteilung<\/h3>\n<ul>\n<li><strong>\u2026 zum Feuerwehrmann<\/strong><br \/>\nPeter Desch, Tobias Heinz, Lukas Marquardt, Philipp Marquardt, Dimo Stark, Rayen Touati, Daniel Zeller<\/li>\n<li><strong>\u00a0zum Oberfeuerwehrmann<\/strong><br \/>\nTobias Steinmetz, Pascal Schuth<\/li>\n<li><strong>\u2026 zur Hauptfeuerwehrfrau<\/strong><br \/>\nSvenja Arenz<\/li>\n<li><strong>\u2026 zum Hauptfeuerwehrmann<\/strong><br \/>\nMustapha Berchane, Daniel Schuth<\/li>\n<li><strong>\u2026 zum L\u00f6schmeister<\/strong><br \/>\nChristian Sch\u00e4fer, Stefan Wagner, Fabian Wotzlaw<\/li>\n<li><strong>\u00a0zum Hauptl\u00f6schmeister<\/strong><br \/>\nMathias M\u00e4mpel<\/li>\n<\/ul>\n<h3>Auszeichnungen \/ Ehrungen<\/h3>\n<ul>\n<li><strong>Katastrophenschutzmedaille in Bronze:<\/strong><br \/>\nStefan Wagner<\/li>\n<li><strong>Katastrophenschutzmedaille in Silber:<\/strong><br \/>\nTorsten Krimmel, Martin Reinheimer<\/li>\n<li><strong>Katastrophenschutzmedaille in Gold:<\/strong><br \/>\nJ\u00fcrgen Balz<\/li>\n<\/ul>\n<ul>\n<li><strong>Ehrenmedaille des Nassauischen Feuerwehrverbandes in Silber:<\/strong><br \/>\nBernd Ackermann, Torsten Krimmel, Martin Reinheimer, Michael Stark<\/li>\n<li><strong>Ehrenmedaille des Nassauischen Feuerwehrverbandes in Gold:<\/strong><br \/>\nJ\u00fcrgen Balz<\/li>\n<\/ul>\n<ul>\n<li><strong>Brandschutze<\/strong><strong>hrenabzeichen in Silber:<\/strong><br \/>\nBernd Ackermann<\/li>\n<li><strong>Brandschutzehrenabzeichen in Gold:<\/strong><br \/>\nKarl-Theo R\u00f6hrig<\/li>\n<\/ul>\n<ul>\n<li><strong>Ehrenmedaille des Kreisfeuerwehrverbandes Wiesbaden in Silber:<\/strong><br \/>\nBianca Stark, Gottfried Geider<\/li>\n<\/ul>\n<ul>\n<li><strong>Floriansmedaille der Hessischen Jugendfeuerwehr:<\/strong><br \/>\nChristian Sch\u00e4fer<\/li>\n<\/ul>\n<p>&nbsp;<\/p>\n<p>[FAGP id=5470]<\/p>\n","protected":false},"excerpt":{"rendered":"<p>Die Kostheimer Feuerwehr veranstaltete Ende November ihren im Zweijahres-Rhythmus stattfindenden Jubilarenabend. Da das Platzangebot in der gro\u00dfen Fahrzeughalle des Ger\u00e4tehauses nicht mehr ausgereicht h\u00e4tte, wechselte man in den Gemeindesaal der Pfarrei St. Kilian. Bevor man in den gro\u00dfen Block der Ehrungen und Bef\u00f6rderungen einstieg, begr\u00fc\u00dften Wehrf\u00fchrer Michael Stark und sein Vertreter Mathias M\u00e4mpel die anwesenden [&hellip;]<\/p>\n","protected":false},"author":1,"featured_media":0,"comment_status":"closed","ping_status":"open","sticky":false,"template":"","format":"standard","meta":{"_et_pb_use_builder":"","_et_pb_old_content":"","_et_gb_content_width":"","_crdt_document":"","footnotes":""},"categories":[3,4,7,9,10],"tags":[1291,1289,171,690,1290,577,1288],"class_list":["post-5471","post","type-post","status-publish","format-standard","hentry","category-bambinifeuerwehr","category-einsatzabteilung","category-jugendfeuerwehr","category-veranstaltungen","category-verein","tag-auszeichnungen","tag-befoederungen","tag-ehrungen","tag-feier","tag-ferrutiushaus","tag-jubilare","tag-jubilarenabend"],"_links":{"self":[{"href":"https:\/\/www.feuerwehrkostheim.de\/index.php?rest_route=\/wp\/v2\/posts\/5471","targetHints":{"allow":["GET"]}}],"collection":[{"href":"https:\/\/www.feuerwehrkostheim.de\/index.php?rest_route=\/wp\/v2\/posts"}],"about":[{"href":"https:\/\/www.feuerwehrkostheim.de\/index.php?rest_route=\/wp\/v2\/types\/post"}],"author":[{"embeddable":true,"href":"https:\/\/www.feuerwehrkostheim.de\/index.php?rest_route=\/wp\/v2\/users\/1"}],"replies":[{"embeddable":true,"href":"https:\/\/www.feuerwehrkostheim.de\/index.php?rest_route=%2Fwp%2Fv2%2Fcomments&post=5471"}],"version-history":[{"count":2,"href":"https:\/\/www.feuerwehrkostheim.de\/index.php?rest_route=\/wp\/v2\/posts\/5471\/revisions"}],"predecessor-version":[{"id":5474,"href":"https:\/\/www.feuerwehrkostheim.de\/index.php?rest_route=\/wp\/v2\/posts\/5471\/revisions\/5474"}],"wp:attachment":[{"href":"https:\/\/www.feuerwehrkostheim.de\/index.php?rest_route=%2Fwp%2Fv2%2Fmedia&parent=5471"}],"wp:term":[{"taxonomy":"category","embeddable":true,"href":"https:\/\/www.feuerwehrkostheim.de\/index.php?rest_route=%2Fwp%2Fv2%2Fcategories&post=5471"},{"taxonomy":"post_tag","embeddable":true,"href":"https:\/\/www.feuerwehrkostheim.de\/index.php?rest_route=%2Fwp%2Fv2%2Ftags&post=5471"}],"curies":[{"name":"wp","href":"https:\/\/api.w.org\/{rel}","templated":true}]}}