{"id":5465,"date":"2019-12-08T13:49:34","date_gmt":"2019-12-08T12:49:34","guid":{"rendered":"https:\/\/www.feuerwehrkostheim.de\/?p=5465"},"modified":"2019-12-08T13:55:16","modified_gmt":"2019-12-08T12:55:16","slug":"wohunngsbrand-im-kasteler-petersweg","status":"publish","type":"post","link":"https:\/\/www.feuerwehrkostheim.de\/?p=5465","title":{"rendered":"Wohnungsbrand im Kasteler Petersweg"},"content":{"rendered":"<p><img loading=\"lazy\" decoding=\"async\" class=\"alignleft\" title=\"Einsatz-Logo\" src=\"https:\/\/www.feuerwehrkostheim.de\/wp-content\/bilder\/sonstige\/logo_einsatz.jpg\" alt=\"Einsatz-Logo\" width=\"100\" height=\"100\" \/><strong>07. Dezember 2019 &#8211; 17:32 Uhr<\/strong><br \/>\n<strong>Petersweg \/ Kastel<\/strong><br \/>\nF 2<br \/>\nEinsatz 89 &#8211; 2019<\/p>\n<p><img decoding=\"async\" class=\"alignright size-medium\" style=\"border: 4px solid #D8D8D8;\" src=\"https:\/\/live.staticflickr.com\/65535\/49186860098_87c0306dd9_n.jpg\" height=\"240\" \/>Die Kostheimer Feuerwehr wurde am Samstagnachmittag zur Unterst\u00fctzung der Berufsfeuerwehr und den Kollegen aus Kastel bei einem Feuer im Petersweg alarmiert. Dort brannte es in einer Wohnung im zweiten Obergeschoss eins Mehrfamilienhauses. Mit mehreren Trupps unter Atemschutz rettete man zwei Bewohner aus einer Nachbarwohnung, l\u00f6schte den Brand und kontrollierte die verwaisten Wohnungen auf weitere Personen.<\/p>\n<p><img decoding=\"async\" class=\"alignleft size-medium\" style=\"border: 4px solid #D8D8D8;\" src=\"https:\/\/live.staticflickr.com\/65535\/49187357441_19fcc01c17_n.jpg\" height=\"240\" \/>F\u00fcr die Betreuung der insgesamt 15 Bewohner des betroffenen Anwesens, wurden neben der Einsatzleitung des Rettungsdienstes, Rettungswagen und Notarzt auch ein Bus der Verkehrsbetriebe sowie eine Betreuungseinheit des ASB alarmiert und an die Einsatzstelle beordert. Durch die Brandeinwirkung in der Wohnung kam es zudem noch zur Besch\u00e4digung einer Wasserleitung, wodurch die Wasserversorgung im Geb\u00e4ude abgestellt und der Wasserschaden mittels Industriesaugern aufgenommen werden musste. Da sich der Schaden vorwiegend auf die Brandwohnung beschr\u00e4nkte, war auch f\u00fcr diese Arbeiten das Tragen von Atemschutz n\u00f6tig.<\/p>\n<p><!--more-->W\u00e4hrend der Gro\u00dfteil der Bewohner nach Abschluss des Feuerwehreinsatzes wieder in ihre Wohnungen zur\u00fcckkehren konnten, bleibt die Brandwohnung bis auf weiters unbewohnbar. W\u00e4hrend der L\u00f6scharbeiten war die Boelckestra\u00dfe zeitweise voll gesperrt. Die Kostheimer Wehr, die mit beiden L\u00f6schfahrzeugen und 16 Kr\u00e4ften vor Ort war, konnte nach etwa 3 Stunden und dem Aufr\u00fcsten der Fahrzeuge den Einsatz beenden.<\/p>\n<p>[FAGP id=5466]<\/p>\n","protected":false},"excerpt":{"rendered":"<p>07. Dezember 2019 &#8211; 17:32 Uhr Petersweg \/ Kastel F 2 Einsatz 89 &#8211; 2019 Die Kostheimer Feuerwehr wurde am Samstagnachmittag zur Unterst\u00fctzung der Berufsfeuerwehr und den Kollegen aus Kastel bei einem Feuer im Petersweg alarmiert. Dort brannte es in einer Wohnung im zweiten Obergeschoss eins Mehrfamilienhauses. Mit mehreren Trupps unter Atemschutz rettete man zwei [&hellip;]<\/p>\n","protected":false},"author":1,"featured_media":0,"comment_status":"closed","ping_status":"open","sticky":false,"template":"","format":"standard","meta":{"_et_pb_use_builder":"","_et_pb_old_content":"","_et_gb_content_width":"","_crdt_document":"","footnotes":""},"categories":[5],"tags":[50,31,219,1287,708],"class_list":["post-5465","post","type-post","status-publish","format-standard","hentry","category-einsatze","tag-brand","tag-feuer","tag-mehrfamilienhaus","tag-petersweg","tag-wohnungsbrand"],"_links":{"self":[{"href":"https:\/\/www.feuerwehrkostheim.de\/index.php?rest_route=\/wp\/v2\/posts\/5465","targetHints":{"allow":["GET"]}}],"collection":[{"href":"https:\/\/www.feuerwehrkostheim.de\/index.php?rest_route=\/wp\/v2\/posts"}],"about":[{"href":"https:\/\/www.feuerwehrkostheim.de\/index.php?rest_route=\/wp\/v2\/types\/post"}],"author":[{"embeddable":true,"href":"https:\/\/www.feuerwehrkostheim.de\/index.php?rest_route=\/wp\/v2\/users\/1"}],"replies":[{"embeddable":true,"href":"https:\/\/www.feuerwehrkostheim.de\/index.php?rest_route=%2Fwp%2Fv2%2Fcomments&post=5465"}],"version-history":[{"count":3,"href":"https:\/\/www.feuerwehrkostheim.de\/index.php?rest_route=\/wp\/v2\/posts\/5465\/revisions"}],"predecessor-version":[{"id":5469,"href":"https:\/\/www.feuerwehrkostheim.de\/index.php?rest_route=\/wp\/v2\/posts\/5465\/revisions\/5469"}],"wp:attachment":[{"href":"https:\/\/www.feuerwehrkostheim.de\/index.php?rest_route=%2Fwp%2Fv2%2Fmedia&parent=5465"}],"wp:term":[{"taxonomy":"category","embeddable":true,"href":"https:\/\/www.feuerwehrkostheim.de\/index.php?rest_route=%2Fwp%2Fv2%2Fcategories&post=5465"},{"taxonomy":"post_tag","embeddable":true,"href":"https:\/\/www.feuerwehrkostheim.de\/index.php?rest_route=%2Fwp%2Fv2%2Ftags&post=5465"}],"curies":[{"name":"wp","href":"https:\/\/api.w.org\/{rel}","templated":true}]}}