{"id":5462,"date":"2019-12-07T14:35:13","date_gmt":"2019-12-07T13:35:13","guid":{"rendered":"https:\/\/www.feuerwehrkostheim.de\/?p=5462"},"modified":"2019-12-07T14:36:32","modified_gmt":"2019-12-07T13:36:32","slug":"brandverdacht-in-der-siedlung-4","status":"publish","type":"post","link":"https:\/\/www.feuerwehrkostheim.de\/?p=5462","title":{"rendered":"Brandverdacht in der Siedlung"},"content":{"rendered":"<p><img loading=\"lazy\" decoding=\"async\" class=\"alignleft\" title=\"Einsatz-Logo\" src=\"https:\/\/www.feuerwehrkostheim.de\/wp-content\/bilder\/sonstige\/logo_einsatz.jpg\" alt=\"Einsatz-Logo\" width=\"100\" height=\"100\" \/><strong>05. Dezember 2019 &#8211; 10:30 Uhr<\/strong><br \/>\n<strong>R\u00fcsselsheimer Stra\u00dfe <\/strong><br \/>\nF 2 \/ Alarmgruppe mit FF-Kastel<br \/>\nEinsatz 88 &#8211; 2019<\/p>\n<p>Die Kostheimer Feuerwehr wurde am Donnerstagvormittag um 10:30 Uhr zu einem Brandverdacht in der R\u00fcsselsheimer Stra\u00dfe alarmiert. Gemeinsam mit dem L\u00f6schzug der Feuerwache 2 sowie den Kameraden aus Kastel fuhr man die Einsatzstelle in der Siedlung an. Bei der \u00dcberpr\u00fcfung stellte sich heraus, dass es sich nicht um Brandrauch handelte, der aus einem Fenster drang, sondern um warme Zimmerluft, die aufgrund der kalten Witterung sichtbar wurde. Der Einsatz konnte nach nur wenigen Minuten abgebrochen werden.<\/p>\n","protected":false},"excerpt":{"rendered":"<p>05. Dezember 2019 &#8211; 10:30 Uhr R\u00fcsselsheimer Stra\u00dfe F 2 \/ Alarmgruppe mit FF-Kastel Einsatz 88 &#8211; 2019 Die Kostheimer Feuerwehr wurde am Donnerstagvormittag um 10:30 Uhr zu einem Brandverdacht in der R\u00fcsselsheimer Stra\u00dfe alarmiert. Gemeinsam mit dem L\u00f6schzug der Feuerwache 2 sowie den Kameraden aus Kastel fuhr man die Einsatzstelle in der Siedlung an. [&hellip;]<\/p>\n","protected":false},"author":1,"featured_media":0,"comment_status":"closed","ping_status":"open","sticky":false,"template":"","format":"standard","meta":{"_et_pb_use_builder":"","_et_pb_old_content":"","_et_gb_content_width":"","_crdt_document":"","footnotes":""},"categories":[5],"tags":[110,112,111],"class_list":["post-5462","post","type-post","status-publish","format-standard","hentry","category-einsatze","tag-alarmgruppe","tag-brandverdacht","tag-rauchentwicklung"],"_links":{"self":[{"href":"https:\/\/www.feuerwehrkostheim.de\/index.php?rest_route=\/wp\/v2\/posts\/5462","targetHints":{"allow":["GET"]}}],"collection":[{"href":"https:\/\/www.feuerwehrkostheim.de\/index.php?rest_route=\/wp\/v2\/posts"}],"about":[{"href":"https:\/\/www.feuerwehrkostheim.de\/index.php?rest_route=\/wp\/v2\/types\/post"}],"author":[{"embeddable":true,"href":"https:\/\/www.feuerwehrkostheim.de\/index.php?rest_route=\/wp\/v2\/users\/1"}],"replies":[{"embeddable":true,"href":"https:\/\/www.feuerwehrkostheim.de\/index.php?rest_route=%2Fwp%2Fv2%2Fcomments&post=5462"}],"version-history":[{"count":2,"href":"https:\/\/www.feuerwehrkostheim.de\/index.php?rest_route=\/wp\/v2\/posts\/5462\/revisions"}],"predecessor-version":[{"id":5464,"href":"https:\/\/www.feuerwehrkostheim.de\/index.php?rest_route=\/wp\/v2\/posts\/5462\/revisions\/5464"}],"wp:attachment":[{"href":"https:\/\/www.feuerwehrkostheim.de\/index.php?rest_route=%2Fwp%2Fv2%2Fmedia&parent=5462"}],"wp:term":[{"taxonomy":"category","embeddable":true,"href":"https:\/\/www.feuerwehrkostheim.de\/index.php?rest_route=%2Fwp%2Fv2%2Fcategories&post=5462"},{"taxonomy":"post_tag","embeddable":true,"href":"https:\/\/www.feuerwehrkostheim.de\/index.php?rest_route=%2Fwp%2Fv2%2Ftags&post=5462"}],"curies":[{"name":"wp","href":"https:\/\/api.w.org\/{rel}","templated":true}]}}