{"id":5447,"date":"2019-11-15T15:49:12","date_gmt":"2019-11-15T14:49:12","guid":{"rendered":"https:\/\/www.feuerwehrkostheim.de\/?p=5447"},"modified":"2019-11-15T15:49:12","modified_gmt":"2019-11-15T14:49:12","slug":"erneuter-brandverdacht-an-einer-gartenhuette","status":"publish","type":"post","link":"https:\/\/www.feuerwehrkostheim.de\/?p=5447","title":{"rendered":"Erneuter Brandverdacht an einer Gartenh\u00fctte"},"content":{"rendered":"<p><img loading=\"lazy\" decoding=\"async\" class=\"alignleft\" title=\"Einsatz-Logo\" src=\"https:\/\/www.feuerwehrkostheim.de\/wp-content\/bilder\/sonstige\/logo_einsatz.jpg\" alt=\"Einsatz-Logo\" width=\"100\" height=\"100\" \/><strong>14. November 2019 &#8211; 13:17 Uhr<\/strong><br \/>\n<strong>Am Gleisdreieck \/ Kastel<\/strong><br \/>\nF2 \/ Alarmgruppe mit FF-Kastel<br \/>\nEinsatz 83 &#8211; 2019<\/p>\n<p>Nachdem man bereits am Morgen zum Einsatzstichwort \u201eBrennt Gartenh\u00fctte&#8221; ausger\u00fcckt war, wurden die gleichen Kr\u00e4fte gegen 13 Uhr erneut alarmiert. Auch bei diesem Einsatz, der sich im Bereich des Gleisdreiecks in Kastel ereignete, war der Einsatzgrund ein Brandverdacht im Bereich einer Gartenh\u00fctte auf deren Dach eine Photovoltaikanlage installiert w\u00e4re. Doch wie schon am Morgen konnte man auch dieses mal schnell wieder einr\u00fccken &#8211; an der betroffenen H\u00fctte konnte kein Feuer festgestellt werden.<\/p>\n","protected":false},"excerpt":{"rendered":"<p>14. November 2019 &#8211; 13:17 Uhr Am Gleisdreieck \/ Kastel F2 \/ Alarmgruppe mit FF-Kastel Einsatz 83 &#8211; 2019 Nachdem man bereits am Morgen zum Einsatzstichwort \u201eBrennt Gartenh\u00fctte&#8221; ausger\u00fcckt war, wurden die gleichen Kr\u00e4fte gegen 13 Uhr erneut alarmiert. Auch bei diesem Einsatz, der sich im Bereich des Gleisdreiecks in Kastel ereignete, war der Einsatzgrund [&hellip;]<\/p>\n","protected":false},"author":1,"featured_media":0,"comment_status":"closed","ping_status":"open","sticky":false,"template":"","format":"standard","meta":{"_et_pb_use_builder":"","_et_pb_old_content":"","_et_gb_content_width":"","_crdt_document":"","footnotes":""},"categories":[5],"tags":[112,113,60,1281],"class_list":["post-5447","post","type-post","status-publish","format-standard","hentry","category-einsatze","tag-brandverdacht","tag-fehlalarm","tag-gartenhutte","tag-photovoltaik"],"_links":{"self":[{"href":"https:\/\/www.feuerwehrkostheim.de\/index.php?rest_route=\/wp\/v2\/posts\/5447","targetHints":{"allow":["GET"]}}],"collection":[{"href":"https:\/\/www.feuerwehrkostheim.de\/index.php?rest_route=\/wp\/v2\/posts"}],"about":[{"href":"https:\/\/www.feuerwehrkostheim.de\/index.php?rest_route=\/wp\/v2\/types\/post"}],"author":[{"embeddable":true,"href":"https:\/\/www.feuerwehrkostheim.de\/index.php?rest_route=\/wp\/v2\/users\/1"}],"replies":[{"embeddable":true,"href":"https:\/\/www.feuerwehrkostheim.de\/index.php?rest_route=%2Fwp%2Fv2%2Fcomments&post=5447"}],"version-history":[{"count":1,"href":"https:\/\/www.feuerwehrkostheim.de\/index.php?rest_route=\/wp\/v2\/posts\/5447\/revisions"}],"predecessor-version":[{"id":5448,"href":"https:\/\/www.feuerwehrkostheim.de\/index.php?rest_route=\/wp\/v2\/posts\/5447\/revisions\/5448"}],"wp:attachment":[{"href":"https:\/\/www.feuerwehrkostheim.de\/index.php?rest_route=%2Fwp%2Fv2%2Fmedia&parent=5447"}],"wp:term":[{"taxonomy":"category","embeddable":true,"href":"https:\/\/www.feuerwehrkostheim.de\/index.php?rest_route=%2Fwp%2Fv2%2Fcategories&post=5447"},{"taxonomy":"post_tag","embeddable":true,"href":"https:\/\/www.feuerwehrkostheim.de\/index.php?rest_route=%2Fwp%2Fv2%2Ftags&post=5447"}],"curies":[{"name":"wp","href":"https:\/\/api.w.org\/{rel}","templated":true}]}}