{"id":5406,"date":"2019-10-08T12:23:37","date_gmt":"2019-10-08T11:23:37","guid":{"rendered":"https:\/\/www.feuerwehrkostheim.de\/?p=5406"},"modified":"2019-11-01T10:09:42","modified_gmt":"2019-11-01T09:09:42","slug":"kostheimer-wehr-trauert-2","status":"publish","type":"post","link":"https:\/\/www.feuerwehrkostheim.de\/?p=5406","title":{"rendered":"Kostheimer Wehr trauert"},"content":{"rendered":"<p>Am Montag erreichte die Kostheimer Feuerwehr die traurige Nachricht \u00fcber den Tod eines ihrer Mitglieder. Brigitte \u201eBiggi\u201c Geider verstarb am fr\u00fchen Morgen pl\u00f6tzlich und unerwartet im Alter von 62 Jahren. In den Reihen der Feuerwehr herrscht tiefe Betroffenheit \u00fcber diesen Verlust.<\/p>\n<p><a href=\"https:\/\/www.feuerwehrkostheim.de\/wp-content\/uploads\/2019\/10\/2019-10-07-Biggi.jpg\"><img loading=\"lazy\" decoding=\"async\" class=\"aligncenter wp-image-5407\" src=\"https:\/\/www.feuerwehrkostheim.de\/wp-content\/uploads\/2019\/10\/2019-10-07-Biggi-1024x606.jpg\" alt=\"\" width=\"583\" height=\"345\" srcset=\"https:\/\/www.feuerwehrkostheim.de\/wp-content\/uploads\/2019\/10\/2019-10-07-Biggi-1024x606.jpg 1024w, https:\/\/www.feuerwehrkostheim.de\/wp-content\/uploads\/2019\/10\/2019-10-07-Biggi-300x177.jpg 300w, https:\/\/www.feuerwehrkostheim.de\/wp-content\/uploads\/2019\/10\/2019-10-07-Biggi-768x454.jpg 768w\" sizes=\"(max-width: 583px) 100vw, 583px\" \/><\/a><br \/>\nBiggi, die seit \u00fcber 20 Jahren Mitglied im F\u00f6rderverein war, engagierte sich im besonderen Ma\u00dfe innerhalb der Wehr. Neben der Unterst\u00fctzung bei vielen Veranstaltungen und Anl\u00e4ssen, kochte sie zusammen mit Ihrem Mann, der Mitglied der Ehren- und Altersabteilung ist, f\u00fcr die Kameraden der Einsatzabteilung. Nach den freit\u00e4glichen \u00dcbungsdiensten gab es seit Jahren eine frisch zubereitete, leckere Mahlzeit.<br \/>\nDie Feuerwehr Kostheim verliert ein verdientes Mitglied.<\/p>\n<p><em>Du wirst uns sehr fehlen Biggi<\/em><br \/>\n<em>und bleibst stets ein Teil von uns!<\/em><\/p>\n<p><em>Deine Feuerwehr Kostheim<\/em><\/p>\n","protected":false},"excerpt":{"rendered":"<p>Am Montag erreichte die Kostheimer Feuerwehr die traurige Nachricht \u00fcber den Tod eines ihrer Mitglieder. Brigitte \u201eBiggi\u201c Geider verstarb am fr\u00fchen Morgen pl\u00f6tzlich und unerwartet im Alter von 62 Jahren. In den Reihen der Feuerwehr herrscht tiefe Betroffenheit \u00fcber diesen Verlust. Biggi, die seit \u00fcber 20 Jahren Mitglied im F\u00f6rderverein war, engagierte sich im besonderen [&hellip;]<\/p>\n","protected":false},"author":1,"featured_media":0,"comment_status":"closed","ping_status":"open","sticky":false,"template":"","format":"standard","meta":{"_et_pb_use_builder":"","_et_pb_old_content":"","_et_gb_content_width":"","_crdt_document":"","footnotes":""},"categories":[1,4,10],"tags":[1270,1271,765,1272],"class_list":["post-5406","post","type-post","status-publish","format-standard","hentry","category-allgemein","category-einsatzabteilung","category-verein","tag-biggi","tag-mitglied","tag-trauer","tag-verdient"],"_links":{"self":[{"href":"https:\/\/www.feuerwehrkostheim.de\/index.php?rest_route=\/wp\/v2\/posts\/5406","targetHints":{"allow":["GET"]}}],"collection":[{"href":"https:\/\/www.feuerwehrkostheim.de\/index.php?rest_route=\/wp\/v2\/posts"}],"about":[{"href":"https:\/\/www.feuerwehrkostheim.de\/index.php?rest_route=\/wp\/v2\/types\/post"}],"author":[{"embeddable":true,"href":"https:\/\/www.feuerwehrkostheim.de\/index.php?rest_route=\/wp\/v2\/users\/1"}],"replies":[{"embeddable":true,"href":"https:\/\/www.feuerwehrkostheim.de\/index.php?rest_route=%2Fwp%2Fv2%2Fcomments&post=5406"}],"version-history":[{"count":3,"href":"https:\/\/www.feuerwehrkostheim.de\/index.php?rest_route=\/wp\/v2\/posts\/5406\/revisions"}],"predecessor-version":[{"id":5410,"href":"https:\/\/www.feuerwehrkostheim.de\/index.php?rest_route=\/wp\/v2\/posts\/5406\/revisions\/5410"}],"wp:attachment":[{"href":"https:\/\/www.feuerwehrkostheim.de\/index.php?rest_route=%2Fwp%2Fv2%2Fmedia&parent=5406"}],"wp:term":[{"taxonomy":"category","embeddable":true,"href":"https:\/\/www.feuerwehrkostheim.de\/index.php?rest_route=%2Fwp%2Fv2%2Fcategories&post=5406"},{"taxonomy":"post_tag","embeddable":true,"href":"https:\/\/www.feuerwehrkostheim.de\/index.php?rest_route=%2Fwp%2Fv2%2Ftags&post=5406"}],"curies":[{"name":"wp","href":"https:\/\/api.w.org\/{rel}","templated":true}]}}