{"id":539,"date":"2011-09-02T22:31:23","date_gmt":"2011-09-02T22:31:23","guid":{"rendered":"http:\/\/www.feuerwehrkostheim.de\/ffk\/?p=539"},"modified":"2018-06-02T14:06:53","modified_gmt":"2018-06-02T13:06:53","slug":"rauchsaule-uber-kostheimer-siedlung-brennender-motorroller","status":"publish","type":"post","link":"https:\/\/www.feuerwehrkostheim.de\/?p=539","title":{"rendered":"Rauchs\u00e4ule \u00fcber Kostheimer Siedlung &#8211; brennender Motorroller"},"content":{"rendered":"<p><img loading=\"lazy\" decoding=\"async\" class=\"alignleft\" title=\"Einsatz-Logo\" src=\"http:\/\/www.feuerwehrkostheim.de\/ffk\/wp-content\/bilder\/sonstige\/logo_einsatz.jpg\" alt=\"Einsatz-Logo\" width=\"100\" height=\"100\" \/><strong>02. September 2011 &#8211; 21:45 Uhr<\/strong><br \/>\n<strong>Gustavsburger Stra\u00dfe 71<\/strong><br \/>\nEinheit FF<br \/>\nEinsatz 45 &#8211; 2011<\/p>\n<p>Am Freitagabend gegen 21:45Uhr liefen mehrere Notrufe in der Wiesbadener Leitstelle ein, die einen Garagenbrand an einem Mehrfamilienhaus meldeten. Umgehend wurden die FF-Kostheim alarmiert sowie der L\u00f6schzug der Wache 2 in Marsch gesetzt. Da die Kameraden der Kostheimer Wehr gerade dabei waren ihren \u00dcbungsdienst zu beenden, konnten sie schon kurze Zeit sp\u00e4ter ausr\u00fccken. <!--more--><\/p>\n<p>Auf der Anfahrt konnte beim Befahren der August-Lutz-Br\u00fccke schon eine Rauchs\u00e4ule im Bereich der Einsatzstelle gesichtet werden. Lediglich vier Minuten nach Alarmierung, traf das LF10\/6 aus Kostheim an der Einsatzstelle ein. Die anr\u00fcckenden Kr\u00e4fte wurden vorbildlich von B\u00fcrgern eingewiesen. Zum Gl\u00fcck stellte sich heraus, dass es sich bei dem Feuer um einen brennenden Motorroller handelte, der lediglich neben einer Garage stand. Mit einem Trupp unter Atemschutz sowie einem C-Rohr war das Feuer schnell gel\u00f6scht. Zwischenzeitlich traf noch das MTF mit weiteren Einsatzkr\u00e4ften aus Kostheim sowie der L\u00f6schzug der Berufsfeuerwehr in der Gustavsburger Stra\u00dfe ein. Das erst wenige Wochen junge Zweirad, bei dem es sich um ein Elektroroller handelte brannte v\u00f6llig nieder und ist somit ein Totalschaden. \u00dcber die Brandursache konnte zum abendlichen Zeitpunkt noch keine Angaben gemacht werden. Der Einsatz war nach etwa 90 Minuten beendet.<\/p>\n","protected":false},"excerpt":{"rendered":"<p>02. September 2011 &#8211; 21:45 Uhr Gustavsburger Stra\u00dfe 71 Einheit FF Einsatz 45 &#8211; 2011 Am Freitagabend gegen 21:45Uhr liefen mehrere Notrufe in der Wiesbadener Leitstelle ein, die einen Garagenbrand an einem Mehrfamilienhaus meldeten. Umgehend wurden die FF-Kostheim alarmiert sowie der L\u00f6schzug der Wache 2 in Marsch gesetzt. Da die Kameraden der Kostheimer Wehr gerade [&hellip;]<\/p>\n","protected":false},"author":1,"featured_media":0,"comment_status":"closed","ping_status":"open","sticky":false,"template":"","format":"standard","meta":{"_et_pb_use_builder":"","_et_pb_old_content":"","_et_gb_content_width":"","_crdt_document":"","footnotes":""},"categories":[5],"tags":[50,233,31,111],"class_list":["post-539","post","type-post","status-publish","format-standard","hentry","category-einsatze","tag-brand","tag-elektroroller","tag-feuer","tag-rauchentwicklung"],"_links":{"self":[{"href":"https:\/\/www.feuerwehrkostheim.de\/index.php?rest_route=\/wp\/v2\/posts\/539","targetHints":{"allow":["GET"]}}],"collection":[{"href":"https:\/\/www.feuerwehrkostheim.de\/index.php?rest_route=\/wp\/v2\/posts"}],"about":[{"href":"https:\/\/www.feuerwehrkostheim.de\/index.php?rest_route=\/wp\/v2\/types\/post"}],"author":[{"embeddable":true,"href":"https:\/\/www.feuerwehrkostheim.de\/index.php?rest_route=\/wp\/v2\/users\/1"}],"replies":[{"embeddable":true,"href":"https:\/\/www.feuerwehrkostheim.de\/index.php?rest_route=%2Fwp%2Fv2%2Fcomments&post=539"}],"version-history":[{"count":0,"href":"https:\/\/www.feuerwehrkostheim.de\/index.php?rest_route=\/wp\/v2\/posts\/539\/revisions"}],"wp:attachment":[{"href":"https:\/\/www.feuerwehrkostheim.de\/index.php?rest_route=%2Fwp%2Fv2%2Fmedia&parent=539"}],"wp:term":[{"taxonomy":"category","embeddable":true,"href":"https:\/\/www.feuerwehrkostheim.de\/index.php?rest_route=%2Fwp%2Fv2%2Fcategories&post=539"},{"taxonomy":"post_tag","embeddable":true,"href":"https:\/\/www.feuerwehrkostheim.de\/index.php?rest_route=%2Fwp%2Fv2%2Ftags&post=539"}],"curies":[{"name":"wp","href":"https:\/\/api.w.org\/{rel}","templated":true}]}}