{"id":5386,"date":"2019-09-19T12:22:09","date_gmt":"2019-09-19T11:22:09","guid":{"rendered":"https:\/\/www.feuerwehrkostheim.de\/?p=5386"},"modified":"2019-09-19T12:26:14","modified_gmt":"2019-09-19T11:26:14","slug":"mehrere-kleine-unratfeuer-mussten-abgeloescht-werden","status":"publish","type":"post","link":"https:\/\/www.feuerwehrkostheim.de\/?p=5386","title":{"rendered":"Mehrere kleine Unratfeuer mussten abgel\u00f6scht werden"},"content":{"rendered":"<p><img loading=\"lazy\" decoding=\"async\" class=\"alignleft\" title=\"Einsatz-Logo\" src=\"https:\/\/www.feuerwehrkostheim.de\/wp-content\/bilder\/sonstige\/logo_einsatz.jpg\" alt=\"Einsatz-Logo\" width=\"100\" height=\"100\" \/><strong>18. September 2019 &#8211; 21:13 Uhr<\/strong><br \/>\n<strong>Am R\u00fcbenberg<\/strong><br \/>\nF 1<br \/>\nEinsatz 74 &#8211; 2019<\/p>\n<p><img decoding=\"async\" class=\"alignright size-medium\" style=\"border: 4px solid #D8D8D8;\" src=\"https:\/\/live.staticflickr.com\/65535\/48758796031_b621e1a69f_n.jpg\" height=\"180\" \/>Mehrere kleine Brandstellen mussten am Mittwochabend durch die Kameraden der Feuerwehr Kostheim im Bereich hinter dem Kindergarten \u201eAm R\u00fcbenberg\u201c abgel\u00f6scht werden. Alarmiert worden waren je ein L\u00f6schfahrzeug der Freiwilligen- sowie der Berufsfeuerwehr gegen 21:15 Uhr. An Ort und Stelle konnten dann im Verlauf insgesamt sieben kleinere Brandstellen im Nahbereich festgestellt werden, die man mit einem Strahlrohr abl\u00f6schte. Da nicht von einem \u201enormalen\u201c Entstehen der Br\u00e4nde ausgegangen werden kann, wurde zudem noch die Polizei angefordert. Mit Aufr\u00fcsten der Ger\u00e4tschaften konnte der Einsatz nach etwa zwei Stunden beendet werden.<\/p>\n<p><!--more--><\/p>\n<p>[FAGP id=5385]<\/p>\n","protected":false},"excerpt":{"rendered":"<p>18. September 2019 &#8211; 21:13 Uhr Am R\u00fcbenberg F 1 Einsatz 74 &#8211; 2019 Mehrere kleine Brandstellen mussten am Mittwochabend durch die Kameraden der Feuerwehr Kostheim im Bereich hinter dem Kindergarten \u201eAm R\u00fcbenberg\u201c abgel\u00f6scht werden. Alarmiert worden waren je ein L\u00f6schfahrzeug der Freiwilligen- sowie der Berufsfeuerwehr gegen 21:15 Uhr. An Ort und Stelle konnten dann [&hellip;]<\/p>\n","protected":false},"author":1,"featured_media":0,"comment_status":"closed","ping_status":"open","sticky":false,"template":"","format":"standard","meta":{"_et_pb_use_builder":"","_et_pb_old_content":"","_et_gb_content_width":"","_crdt_document":"","footnotes":""},"categories":[5],"tags":[50,800,1262,31,947],"class_list":["post-5386","post","type-post","status-publish","format-standard","hentry","category-einsatze","tag-brand","tag-einzelfahrzeug","tag-f1","tag-feuer","tag-ruebenberg"],"_links":{"self":[{"href":"https:\/\/www.feuerwehrkostheim.de\/index.php?rest_route=\/wp\/v2\/posts\/5386","targetHints":{"allow":["GET"]}}],"collection":[{"href":"https:\/\/www.feuerwehrkostheim.de\/index.php?rest_route=\/wp\/v2\/posts"}],"about":[{"href":"https:\/\/www.feuerwehrkostheim.de\/index.php?rest_route=\/wp\/v2\/types\/post"}],"author":[{"embeddable":true,"href":"https:\/\/www.feuerwehrkostheim.de\/index.php?rest_route=\/wp\/v2\/users\/1"}],"replies":[{"embeddable":true,"href":"https:\/\/www.feuerwehrkostheim.de\/index.php?rest_route=%2Fwp%2Fv2%2Fcomments&post=5386"}],"version-history":[{"count":3,"href":"https:\/\/www.feuerwehrkostheim.de\/index.php?rest_route=\/wp\/v2\/posts\/5386\/revisions"}],"predecessor-version":[{"id":5389,"href":"https:\/\/www.feuerwehrkostheim.de\/index.php?rest_route=\/wp\/v2\/posts\/5386\/revisions\/5389"}],"wp:attachment":[{"href":"https:\/\/www.feuerwehrkostheim.de\/index.php?rest_route=%2Fwp%2Fv2%2Fmedia&parent=5386"}],"wp:term":[{"taxonomy":"category","embeddable":true,"href":"https:\/\/www.feuerwehrkostheim.de\/index.php?rest_route=%2Fwp%2Fv2%2Fcategories&post=5386"},{"taxonomy":"post_tag","embeddable":true,"href":"https:\/\/www.feuerwehrkostheim.de\/index.php?rest_route=%2Fwp%2Fv2%2Ftags&post=5386"}],"curies":[{"name":"wp","href":"https:\/\/api.w.org\/{rel}","templated":true}]}}