{"id":5383,"date":"2019-09-13T20:29:34","date_gmt":"2019-09-13T19:29:34","guid":{"rendered":"https:\/\/www.feuerwehrkostheim.de\/?p=5383"},"modified":"2019-09-13T20:29:34","modified_gmt":"2019-09-13T19:29:34","slug":"unklare-rauchentwicklung-schnell-erkundet","status":"publish","type":"post","link":"https:\/\/www.feuerwehrkostheim.de\/?p=5383","title":{"rendered":"Unklare Rauchentwicklung schnell erkundet"},"content":{"rendered":"<p><img loading=\"lazy\" decoding=\"async\" class=\"alignleft\" title=\"Einsatz-Logo\" src=\"https:\/\/www.feuerwehrkostheim.de\/wp-content\/bilder\/sonstige\/logo_einsatz.jpg\" alt=\"Einsatz-Logo\" width=\"100\" height=\"100\" \/><strong>13. September 2019 &#8211; 17:37 Uhr<\/strong><br \/>\n<strong>Kiefernstra\u00dfe<\/strong><br \/>\nF 2 \/ Alarmgruppe mit FF-Kastel<br \/>\nEinsatz 73 &#8211; 2019<\/p>\n<p>Ein Anrufer aus der Stra\u00dfe \u201eAn der Taunusbahn\u201c meldete am fr\u00fchen Freitagabend eine Verrauchung im Bereich der n\u00e4heren Umgebung, konnte aber die Herkunft nicht genau lokalisieren. Alarmiert wurde aufgrund der unklaren Lage nach dem Stichwort \u201eF2\u201c und somit die Wehren Kostheim und Kastel als Alarmgruppe sowie der L\u00f6schzug der Berufsfeuerwehr. Die kurze Zeit sp\u00e4ter ausger\u00fcckten L\u00f6schfahrzeuge der Kostheimer Wehr konnten relativ schnell die Ursache f\u00fcr die Rauchentwicklung auf der anderen Seite der Bahnlinie lokalisieren. Im Gartenbereich eines Hauses in der Kiefernstra\u00dfe hatten die Eigent\u00fcmer Gartenabf\u00e4lle verbrannt. Da beim Eintreffen der Einsatzkr\u00e4fte das Feuer schon durch die Aufsichtsperson abgel\u00f6scht war, musste seitens der Feuerwehr nicht mehr eingegriffen werden.<\/p>\n","protected":false},"excerpt":{"rendered":"<p>13. September 2019 &#8211; 17:37 Uhr Kiefernstra\u00dfe F 2 \/ Alarmgruppe mit FF-Kastel Einsatz 73 &#8211; 2019 Ein Anrufer aus der Stra\u00dfe \u201eAn der Taunusbahn\u201c meldete am fr\u00fchen Freitagabend eine Verrauchung im Bereich der n\u00e4heren Umgebung, konnte aber die Herkunft nicht genau lokalisieren. Alarmiert wurde aufgrund der unklaren Lage nach dem Stichwort \u201eF2\u201c und somit [&hellip;]<\/p>\n","protected":false},"author":1,"featured_media":0,"comment_status":"closed","ping_status":"open","sticky":false,"template":"","format":"standard","meta":{"_et_pb_use_builder":"","_et_pb_old_content":"","_et_gb_content_width":"","_crdt_document":"","footnotes":""},"categories":[5],"tags":[110,112,1265,863,1264,111],"class_list":["post-5383","post","type-post","status-publish","format-standard","hentry","category-einsatze","tag-alarmgruppe","tag-brandverdacht","tag-f2","tag-garten","tag-gartenabfaelle","tag-rauchentwicklung"],"_links":{"self":[{"href":"https:\/\/www.feuerwehrkostheim.de\/index.php?rest_route=\/wp\/v2\/posts\/5383","targetHints":{"allow":["GET"]}}],"collection":[{"href":"https:\/\/www.feuerwehrkostheim.de\/index.php?rest_route=\/wp\/v2\/posts"}],"about":[{"href":"https:\/\/www.feuerwehrkostheim.de\/index.php?rest_route=\/wp\/v2\/types\/post"}],"author":[{"embeddable":true,"href":"https:\/\/www.feuerwehrkostheim.de\/index.php?rest_route=\/wp\/v2\/users\/1"}],"replies":[{"embeddable":true,"href":"https:\/\/www.feuerwehrkostheim.de\/index.php?rest_route=%2Fwp%2Fv2%2Fcomments&post=5383"}],"version-history":[{"count":1,"href":"https:\/\/www.feuerwehrkostheim.de\/index.php?rest_route=\/wp\/v2\/posts\/5383\/revisions"}],"predecessor-version":[{"id":5384,"href":"https:\/\/www.feuerwehrkostheim.de\/index.php?rest_route=\/wp\/v2\/posts\/5383\/revisions\/5384"}],"wp:attachment":[{"href":"https:\/\/www.feuerwehrkostheim.de\/index.php?rest_route=%2Fwp%2Fv2%2Fmedia&parent=5383"}],"wp:term":[{"taxonomy":"category","embeddable":true,"href":"https:\/\/www.feuerwehrkostheim.de\/index.php?rest_route=%2Fwp%2Fv2%2Fcategories&post=5383"},{"taxonomy":"post_tag","embeddable":true,"href":"https:\/\/www.feuerwehrkostheim.de\/index.php?rest_route=%2Fwp%2Fv2%2Ftags&post=5383"}],"curies":[{"name":"wp","href":"https:\/\/api.w.org\/{rel}","templated":true}]}}