{"id":5371,"date":"2019-09-03T10:21:24","date_gmt":"2019-09-03T09:21:24","guid":{"rendered":"https:\/\/www.feuerwehrkostheim.de\/?p=5371"},"modified":"2019-09-03T10:26:17","modified_gmt":"2019-09-03T09:26:17","slug":"angebranntes-kochgut-in-der-siedlung-4","status":"publish","type":"post","link":"https:\/\/www.feuerwehrkostheim.de\/?p=5371","title":{"rendered":"Angebranntes Kochgut in der Siedlung"},"content":{"rendered":"<p><img loading=\"lazy\" decoding=\"async\" class=\"alignleft\" title=\"Einsatz-Logo\" src=\"https:\/\/www.feuerwehrkostheim.de\/wp-content\/bilder\/sonstige\/logo_einsatz.jpg\" alt=\"Einsatz-Logo\" width=\"100\" height=\"100\" \/><strong>03. September 2019 &#8211; 10:16 Uhr<\/strong><br \/>\n<strong>Bregenzer Stra\u00dfe<\/strong><br \/>\nF 2 \/ Alarmgruppe mit FF-Kastel<br \/>\nEinsatz 70 &#8211; 2019<\/p>\n<p><a href=\"https:\/\/www.feuerwehrkostheim.de\/wp-content\/uploads\/2019\/09\/2019-09-03_Kochgut.jpg\"><img decoding=\"async\" class=\"alignright size-medium wp-image-5372\" style=\"border: 4px solid #D8D8D8;\" src=\"https:\/\/www.feuerwehrkostheim.de\/wp-content\/uploads\/2019\/09\/2019-09-03_Kochgut-300x225.jpg\" alt=\"\" height=\"225\" srcset=\"https:\/\/www.feuerwehrkostheim.de\/wp-content\/uploads\/2019\/09\/2019-09-03_Kochgut-300x225.jpg 300w, https:\/\/www.feuerwehrkostheim.de\/wp-content\/uploads\/2019\/09\/2019-09-03_Kochgut-768x576.jpg 768w, https:\/\/www.feuerwehrkostheim.de\/wp-content\/uploads\/2019\/09\/2019-09-03_Kochgut-1024x768.jpg 1024w, https:\/\/www.feuerwehrkostheim.de\/wp-content\/uploads\/2019\/09\/2019-09-03_Kochgut.jpg 2000w\" sizes=\"(max-width: 300px) 100vw, 300px\" \/><\/a>Am Dienstagvormittag musste die Feuerwehr in die Bregenzer Stra\u00dfe ausr\u00fccken, da von dort ausgel\u00f6ste Heimrauchmelder sowie eine leichte Rauchentwicklung aus einem Fenster gemeldet wurde. Neben dem L\u00f6schzug der Feuerwache 2 alarmierte die Leitstelle die Wehren Kostheim und Kastel, die sich ebenfalls auf den Weg in die Siedlung machten. Bei der Erkundung durch den Einsatzleitdienst konnte der Ausl\u00f6ser schnell lokalisiert werden &#8211; es handelte sich um angebranntes Kochgut. Die Arbeit der Feuerwehr beschr\u00e4nkte sich im Anschluss darauf, die R\u00e4umlichkeiten mittels L\u00fcfter rauchfrei zu machen. Der Einsatz konnte nach kurzer Zeit wieder beendet werden.<\/p>\n","protected":false},"excerpt":{"rendered":"<p>03. September 2019 &#8211; 10:16 Uhr Bregenzer Stra\u00dfe F 2 \/ Alarmgruppe mit FF-Kastel Einsatz 70 &#8211; 2019 Am Dienstagvormittag musste die Feuerwehr in die Bregenzer Stra\u00dfe ausr\u00fccken, da von dort ausgel\u00f6ste Heimrauchmelder sowie eine leichte Rauchentwicklung aus einem Fenster gemeldet wurde. Neben dem L\u00f6schzug der Feuerwache 2 alarmierte die Leitstelle die Wehren Kostheim und [&hellip;]<\/p>\n","protected":false},"author":1,"featured_media":0,"comment_status":"closed","ping_status":"open","sticky":false,"template":"","format":"standard","meta":{"_et_pb_use_builder":"","_et_pb_old_content":"","_et_gb_content_width":"","_crdt_document":"","footnotes":""},"categories":[5],"tags":[110,842,159,111,335],"class_list":["post-5371","post","type-post","status-publish","format-standard","hentry","category-einsatze","tag-alarmgruppe","tag-heimrauchmelder","tag-kochgut","tag-rauchentwicklung","tag-siedlung"],"_links":{"self":[{"href":"https:\/\/www.feuerwehrkostheim.de\/index.php?rest_route=\/wp\/v2\/posts\/5371","targetHints":{"allow":["GET"]}}],"collection":[{"href":"https:\/\/www.feuerwehrkostheim.de\/index.php?rest_route=\/wp\/v2\/posts"}],"about":[{"href":"https:\/\/www.feuerwehrkostheim.de\/index.php?rest_route=\/wp\/v2\/types\/post"}],"author":[{"embeddable":true,"href":"https:\/\/www.feuerwehrkostheim.de\/index.php?rest_route=\/wp\/v2\/users\/1"}],"replies":[{"embeddable":true,"href":"https:\/\/www.feuerwehrkostheim.de\/index.php?rest_route=%2Fwp%2Fv2%2Fcomments&post=5371"}],"version-history":[{"count":1,"href":"https:\/\/www.feuerwehrkostheim.de\/index.php?rest_route=\/wp\/v2\/posts\/5371\/revisions"}],"predecessor-version":[{"id":5373,"href":"https:\/\/www.feuerwehrkostheim.de\/index.php?rest_route=\/wp\/v2\/posts\/5371\/revisions\/5373"}],"wp:attachment":[{"href":"https:\/\/www.feuerwehrkostheim.de\/index.php?rest_route=%2Fwp%2Fv2%2Fmedia&parent=5371"}],"wp:term":[{"taxonomy":"category","embeddable":true,"href":"https:\/\/www.feuerwehrkostheim.de\/index.php?rest_route=%2Fwp%2Fv2%2Fcategories&post=5371"},{"taxonomy":"post_tag","embeddable":true,"href":"https:\/\/www.feuerwehrkostheim.de\/index.php?rest_route=%2Fwp%2Fv2%2Ftags&post=5371"}],"curies":[{"name":"wp","href":"https:\/\/api.w.org\/{rel}","templated":true}]}}