{"id":5367,"date":"2019-08-29T09:24:20","date_gmt":"2019-08-29T08:24:20","guid":{"rendered":"https:\/\/www.feuerwehrkostheim.de\/?p=5367"},"modified":"2019-08-29T09:24:20","modified_gmt":"2019-08-29T08:24:20","slug":"kleines-feuer-langer-einsatz","status":"publish","type":"post","link":"https:\/\/www.feuerwehrkostheim.de\/?p=5367","title":{"rendered":"Kleines Feuer &#8211; langer Einsatz"},"content":{"rendered":"<p><img loading=\"lazy\" decoding=\"async\" class=\"alignleft\" title=\"Einsatz-Logo\" src=\"https:\/\/www.feuerwehrkostheim.de\/wp-content\/bilder\/sonstige\/logo_einsatz.jpg\" alt=\"Einsatz-Logo\" width=\"100\" height=\"100\" \/><strong>28. August 2019 &#8211; 22:54 Uhr<\/strong><br \/>\n<strong>Mittlerer Sampelweg<\/strong><br \/>\nF 1<br \/>\nEinsatz 69 &#8211; 2019<\/p>\n<p><a href=\"https:\/\/www.feuerwehrkostheim.de\/wp-content\/uploads\/2019\/08\/2019-08-28-Unratfeuer.jpg\"><img loading=\"lazy\" decoding=\"async\" class=\"alignright size-medium wp-image-5366\" style=\"border: 4px solid #D8D8D8;\" src=\"https:\/\/www.feuerwehrkostheim.de\/wp-content\/uploads\/2019\/08\/2019-08-28-Unratfeuer-300x225.jpg\" width=\"300\" height=\"225\" srcset=\"https:\/\/www.feuerwehrkostheim.de\/wp-content\/uploads\/2019\/08\/2019-08-28-Unratfeuer-300x225.jpg 300w, https:\/\/www.feuerwehrkostheim.de\/wp-content\/uploads\/2019\/08\/2019-08-28-Unratfeuer-768x576.jpg 768w, https:\/\/www.feuerwehrkostheim.de\/wp-content\/uploads\/2019\/08\/2019-08-28-Unratfeuer-1024x768.jpg 1024w\" sizes=\"(max-width: 300px) 100vw, 300px\" \/><\/a>Ein eher \u00fcberschaubares Unratfeuer sorgte am sp\u00e4ten Mittwochabend dennoch f\u00fcr einen vergleichsweise langwierigen Feuerwehreinsatz. Die Schwierigkeit bestand aber nicht im L\u00f6schen des Brandes, sondern vielmehr bei dem Auffinden der Einsatzstelle. Anrufer meldeten eine Rauchentwicklung sowie Brandgeruch aus dem Bereich der Hochheimer Stra\u00dfe, was dazu f\u00fchrte, dass die Kostheimer Feuerwehr zusammen mit dem Basis-L\u00f6schfahrzeug der Feuerwache 2 gegen 23 Uhr alarmiert wurden. Nach dem Eintreffen konnte zwar schnell die gemeldeten Beobachtungen best\u00e4tigt werden, wo jedoch genau die Herkunft und somit die eigentliche Einsatzstelle war, blieb vorerst unentdeckt. Obwohl man weitr\u00e4umig den gesamten Nordosten Kostheims kontrollierte, war man erst nach etwas mehr als einer Stunde f\u00fcndig geworden. Inmitten einer Gartenanlage zwischen dem Friedhof und der Hochheimer Stra\u00dfe kulschten auf einer Fl\u00e4che von etwa f\u00fcnf Quatratmetern Gr\u00fcnschnitt und Gartenabf\u00e4lle. Man bahnte sich in v\u00f6lliger Dunkelheit einen Weg dorthin und l\u00f6schte die Glutnester mit einem Strahlrohr ab. Letztendlich konnte der Einsatz nach zwei Stunden erfolgreich beendet werden. Die Kostheimer Wehr war mit 18 Einsatzkr\u00e4fte und allen drei Fahrzeugen an der Suche beteiligt und \u00fcbernahm auch die L\u00f6scharbeiten.<\/p>\n","protected":false},"excerpt":{"rendered":"<p>28. August 2019 &#8211; 22:54 Uhr Mittlerer Sampelweg F 1 Einsatz 69 &#8211; 2019 Ein eher \u00fcberschaubares Unratfeuer sorgte am sp\u00e4ten Mittwochabend dennoch f\u00fcr einen vergleichsweise langwierigen Feuerwehreinsatz. Die Schwierigkeit bestand aber nicht im L\u00f6schen des Brandes, sondern vielmehr bei dem Auffinden der Einsatzstelle. Anrufer meldeten eine Rauchentwicklung sowie Brandgeruch aus dem Bereich der Hochheimer [&hellip;]<\/p>\n","protected":false},"author":1,"featured_media":0,"comment_status":"closed","ping_status":"open","sticky":false,"template":"","format":"standard","meta":{"_et_pb_use_builder":"","_et_pb_old_content":"","_et_gb_content_width":"","_crdt_document":"","footnotes":""},"categories":[5],"tags":[50,178,111,232,231],"class_list":["post-5367","post","type-post","status-publish","format-standard","hentry","category-einsatze","tag-brand","tag-brandgeruch","tag-rauchentwicklung","tag-suche","tag-unratfeuer"],"_links":{"self":[{"href":"https:\/\/www.feuerwehrkostheim.de\/index.php?rest_route=\/wp\/v2\/posts\/5367","targetHints":{"allow":["GET"]}}],"collection":[{"href":"https:\/\/www.feuerwehrkostheim.de\/index.php?rest_route=\/wp\/v2\/posts"}],"about":[{"href":"https:\/\/www.feuerwehrkostheim.de\/index.php?rest_route=\/wp\/v2\/types\/post"}],"author":[{"embeddable":true,"href":"https:\/\/www.feuerwehrkostheim.de\/index.php?rest_route=\/wp\/v2\/users\/1"}],"replies":[{"embeddable":true,"href":"https:\/\/www.feuerwehrkostheim.de\/index.php?rest_route=%2Fwp%2Fv2%2Fcomments&post=5367"}],"version-history":[{"count":1,"href":"https:\/\/www.feuerwehrkostheim.de\/index.php?rest_route=\/wp\/v2\/posts\/5367\/revisions"}],"predecessor-version":[{"id":5368,"href":"https:\/\/www.feuerwehrkostheim.de\/index.php?rest_route=\/wp\/v2\/posts\/5367\/revisions\/5368"}],"wp:attachment":[{"href":"https:\/\/www.feuerwehrkostheim.de\/index.php?rest_route=%2Fwp%2Fv2%2Fmedia&parent=5367"}],"wp:term":[{"taxonomy":"category","embeddable":true,"href":"https:\/\/www.feuerwehrkostheim.de\/index.php?rest_route=%2Fwp%2Fv2%2Fcategories&post=5367"},{"taxonomy":"post_tag","embeddable":true,"href":"https:\/\/www.feuerwehrkostheim.de\/index.php?rest_route=%2Fwp%2Fv2%2Ftags&post=5367"}],"curies":[{"name":"wp","href":"https:\/\/api.w.org\/{rel}","templated":true}]}}