{"id":5359,"date":"2019-08-27T17:00:13","date_gmt":"2019-08-27T16:00:13","guid":{"rendered":"https:\/\/www.feuerwehrkostheim.de\/?p=5359"},"modified":"2019-08-27T17:00:45","modified_gmt":"2019-08-27T16:00:45","slug":"werksfuehrung-in-kostheimer-papierfabrik","status":"publish","type":"post","link":"https:\/\/www.feuerwehrkostheim.de\/?p=5359","title":{"rendered":"Werksf\u00fchrung in Kostheimer Papierfabrik"},"content":{"rendered":"<p><img loading=\"lazy\" decoding=\"async\" class=\"alignright size-medium\" style=\"border: 4px solid #D8D8D8;\" src=\"https:\/\/live.staticflickr.com\/65535\/48630224973_59c6a9f525_n.jpg\" width=\"320\" height=\"240\" \/>Zu einer besonderen Werksf\u00fchrung hatte die Gesch\u00e4ftsleitung des Kostheimer Essity-Werkes die Einsatzabteilungen der Freiwilligen Feuerwehren aus Kastel und Kostheim am vergangenen Freitag auf ihr Werksgel\u00e4nde eingeladen.<\/p>\n<p>Gesch\u00e4ftsf\u00fchrer Thorsten Becherer begr\u00fc\u00dfte die anwesenden Kameradinnen und Kameraden. Nach einer Sicherheitsunterweisung sowie einer kurzen Einf\u00fchrung zu den Abl\u00e4ufen auf dem Firmengel\u00e4nde ging es hinaus auf das riesige Areal.<\/p>\n<p><img loading=\"lazy\" decoding=\"async\" class=\"alignleft size-medium\" style=\"border: 4px solid #D8D8D8;\" src=\"https:\/\/live.staticflickr.com\/65535\/48630577116_7d4b39aa90_n.jpg\" width=\"320\" height=\"240\" \/>In zwei Gruppen aufgeteilt, machte man sich auf den Weg zu den Produktions- und Verarbeitungsanlagen. Im Fokus der Besichtigung standen neben dem allgemeinen Interesse an der Technik vor allem feuerwehrspezifische Aspekte, wie die vorhandenen L\u00f6scheinrichtungen oder bauliche Besonderheiten.<\/p>\n<p>Gerade f\u00fcr die j\u00fcngeren Kameradinnen und Kameradinnen bot sich dabei die Gelegenheit, das Werk genauer kennenzulernen, um sich im Ernstfall schneller orientieren zu k\u00f6nnen. Aber auch die Dienst\u00e4lteren konnten auf dem sich einem st\u00e4ndigen Wandel unterliegenden Gel\u00e4nde sicherlich noch viel Neues entdecken.<!--more--><\/p>\n<p>Vielen Dank an dieser Stelle an Herrn Becherer, den Mitarbeiterinnen und Mitarbeitern der Fa. Essity sowie den Kameraden der Werkfeuerwehr f\u00fcr die hochinteressante und sehr kurzweilige F\u00fchrung.<\/p>\n<p>[FAGP id=5363]<\/p>\n<p>&nbsp;<\/p>\n","protected":false},"excerpt":{"rendered":"<p>Zu einer besonderen Werksf\u00fchrung hatte die Gesch\u00e4ftsleitung des Kostheimer Essity-Werkes die Einsatzabteilungen der Freiwilligen Feuerwehren aus Kastel und Kostheim am vergangenen Freitag auf ihr Werksgel\u00e4nde eingeladen. Gesch\u00e4ftsf\u00fchrer Thorsten Becherer begr\u00fc\u00dfte die anwesenden Kameradinnen und Kameraden. Nach einer Sicherheitsunterweisung sowie einer kurzen Einf\u00fchrung zu den Abl\u00e4ufen auf dem Firmengel\u00e4nde ging es hinaus auf das riesige Areal. [&hellip;]<\/p>\n","protected":false},"author":2,"featured_media":0,"comment_status":"closed","ping_status":"open","sticky":false,"template":"","format":"standard","meta":{"_et_pb_use_builder":"","_et_pb_old_content":"","_et_gb_content_width":"","_crdt_document":"","footnotes":""},"categories":[1,4,9],"tags":[37,1167,228,618],"class_list":["post-5359","post","type-post","status-publish","format-standard","hentry","category-allgemein","category-einsatzabteilung","category-veranstaltungen","tag-besichtigung","tag-essity","tag-papierwerk","tag-werk"],"_links":{"self":[{"href":"https:\/\/www.feuerwehrkostheim.de\/index.php?rest_route=\/wp\/v2\/posts\/5359","targetHints":{"allow":["GET"]}}],"collection":[{"href":"https:\/\/www.feuerwehrkostheim.de\/index.php?rest_route=\/wp\/v2\/posts"}],"about":[{"href":"https:\/\/www.feuerwehrkostheim.de\/index.php?rest_route=\/wp\/v2\/types\/post"}],"author":[{"embeddable":true,"href":"https:\/\/www.feuerwehrkostheim.de\/index.php?rest_route=\/wp\/v2\/users\/2"}],"replies":[{"embeddable":true,"href":"https:\/\/www.feuerwehrkostheim.de\/index.php?rest_route=%2Fwp%2Fv2%2Fcomments&post=5359"}],"version-history":[{"count":5,"href":"https:\/\/www.feuerwehrkostheim.de\/index.php?rest_route=\/wp\/v2\/posts\/5359\/revisions"}],"predecessor-version":[{"id":5365,"href":"https:\/\/www.feuerwehrkostheim.de\/index.php?rest_route=\/wp\/v2\/posts\/5359\/revisions\/5365"}],"wp:attachment":[{"href":"https:\/\/www.feuerwehrkostheim.de\/index.php?rest_route=%2Fwp%2Fv2%2Fmedia&parent=5359"}],"wp:term":[{"taxonomy":"category","embeddable":true,"href":"https:\/\/www.feuerwehrkostheim.de\/index.php?rest_route=%2Fwp%2Fv2%2Fcategories&post=5359"},{"taxonomy":"post_tag","embeddable":true,"href":"https:\/\/www.feuerwehrkostheim.de\/index.php?rest_route=%2Fwp%2Fv2%2Ftags&post=5359"}],"curies":[{"name":"wp","href":"https:\/\/api.w.org\/{rel}","templated":true}]}}