{"id":5324,"date":"2019-07-09T16:28:47","date_gmt":"2019-07-09T15:28:47","guid":{"rendered":"https:\/\/www.feuerwehrkostheim.de\/?p=5324"},"modified":"2019-07-09T16:29:05","modified_gmt":"2019-07-09T15:29:05","slug":"und-wieder-geht-es-zu-den-pappeln-ans-mainufer","status":"publish","type":"post","link":"https:\/\/www.feuerwehrkostheim.de\/?p=5324","title":{"rendered":"&#8230; und wieder geht es zu den Pappeln ans Mainufer"},"content":{"rendered":"<p><img loading=\"lazy\" decoding=\"async\" class=\"alignleft\" title=\"Einsatz-Logo\" src=\"https:\/\/www.feuerwehrkostheim.de\/wp-content\/bilder\/sonstige\/logo_einsatz.jpg\" alt=\"Einsatz-Logo\" width=\"100\" height=\"100\" \/><strong>09. Juli 2019 &#8211; 13:02 Uhr<\/strong><br \/>\n<strong>Mainufer Bruchst\u00fcck<\/strong><br \/>\nEinzelfahrzeugalarmierung<br \/>\nEinsatz 61 &#8211; 2019<\/p>\n<p><a href=\"https:\/\/www.feuerwehrkostheim.de\/wp-content\/uploads\/2019\/07\/2019-07-09_Baum-3-e1562686028601.jpeg\" target=\"_blank\" rel=\"noopener noreferrer\"><img loading=\"lazy\" decoding=\"async\" class=\"alignright wp-image-5323 size-medium\" style=\"border: 4px solid #D8D8D8;\" src=\"https:\/\/www.feuerwehrkostheim.de\/wp-content\/uploads\/2019\/07\/2019-07-09_Baum-3-e1562686028601-169x300.jpeg\" alt=\"\" width=\"169\" height=\"300\" srcset=\"https:\/\/www.feuerwehrkostheim.de\/wp-content\/uploads\/2019\/07\/2019-07-09_Baum-3-e1562686028601-169x300.jpeg 169w, https:\/\/www.feuerwehrkostheim.de\/wp-content\/uploads\/2019\/07\/2019-07-09_Baum-3-e1562686028601-768x1365.jpeg 768w, https:\/\/www.feuerwehrkostheim.de\/wp-content\/uploads\/2019\/07\/2019-07-09_Baum-3-e1562686028601-576x1024.jpeg 576w\" sizes=\"(max-width: 169px) 100vw, 169px\" \/><\/a>Nachdem man schon vergangene Woche an zwei Tagen zu brennenden Pappeln an das Mainufer ausr\u00fccken musste, war dies auch am Dienstagmittag wieder erforderlich geworden. Eine aufmerksame B\u00fcrgerin registrierte gegen 13 Uhr eine leichte Rauchentwicklung in dem Bereich der alten Einsatzstellen und verst\u00e4ndigte daraufhin die Feuerwehr. Neben Kameraden der Kostheimer Wehr r\u00fcckten von der Feuerwache 2 ein L\u00f6schfahrzeug und das Tankl\u00f6schfahrzeug aus. Aufgrund der rechtzeitigen Meldung durch die Anruferin, konnte der Entstehungsbrand im Bereich der B\u00e4ume durch die Vornahme zweier D-Strahlrohre schnell gel\u00f6scht werden. Die Umst\u00e4nde, warum es nun wieder zu einem Brand an gleicher Stelle gekommen ist, bleiben ungekl\u00e4rt.<\/p>\n","protected":false},"excerpt":{"rendered":"<p>09. Juli 2019 &#8211; 13:02 Uhr Mainufer Bruchst\u00fcck Einzelfahrzeugalarmierung Einsatz 61 &#8211; 2019 Nachdem man schon vergangene Woche an zwei Tagen zu brennenden Pappeln an das Mainufer ausr\u00fccken musste, war dies auch am Dienstagmittag wieder erforderlich geworden. Eine aufmerksame B\u00fcrgerin registrierte gegen 13 Uhr eine leichte Rauchentwicklung in dem Bereich der alten Einsatzstellen und verst\u00e4ndigte [&hellip;]<\/p>\n","protected":false},"author":1,"featured_media":0,"comment_status":"closed","ping_status":"open","sticky":false,"template":"","format":"standard","meta":{"_et_pb_use_builder":"","_et_pb_old_content":"","_et_gb_content_width":"","_crdt_document":"","footnotes":""},"categories":[5],"tags":[50,1251,692,1252,111],"class_list":["post-5324","post","type-post","status-publish","format-standard","hentry","category-einsatze","tag-brand","tag-entstehungsbrand","tag-mainufer","tag-pappeln","tag-rauchentwicklung"],"_links":{"self":[{"href":"https:\/\/www.feuerwehrkostheim.de\/index.php?rest_route=\/wp\/v2\/posts\/5324","targetHints":{"allow":["GET"]}}],"collection":[{"href":"https:\/\/www.feuerwehrkostheim.de\/index.php?rest_route=\/wp\/v2\/posts"}],"about":[{"href":"https:\/\/www.feuerwehrkostheim.de\/index.php?rest_route=\/wp\/v2\/types\/post"}],"author":[{"embeddable":true,"href":"https:\/\/www.feuerwehrkostheim.de\/index.php?rest_route=\/wp\/v2\/users\/1"}],"replies":[{"embeddable":true,"href":"https:\/\/www.feuerwehrkostheim.de\/index.php?rest_route=%2Fwp%2Fv2%2Fcomments&post=5324"}],"version-history":[{"count":2,"href":"https:\/\/www.feuerwehrkostheim.de\/index.php?rest_route=\/wp\/v2\/posts\/5324\/revisions"}],"predecessor-version":[{"id":5326,"href":"https:\/\/www.feuerwehrkostheim.de\/index.php?rest_route=\/wp\/v2\/posts\/5324\/revisions\/5326"}],"wp:attachment":[{"href":"https:\/\/www.feuerwehrkostheim.de\/index.php?rest_route=%2Fwp%2Fv2%2Fmedia&parent=5324"}],"wp:term":[{"taxonomy":"category","embeddable":true,"href":"https:\/\/www.feuerwehrkostheim.de\/index.php?rest_route=%2Fwp%2Fv2%2Fcategories&post=5324"},{"taxonomy":"post_tag","embeddable":true,"href":"https:\/\/www.feuerwehrkostheim.de\/index.php?rest_route=%2Fwp%2Fv2%2Ftags&post=5324"}],"curies":[{"name":"wp","href":"https:\/\/api.w.org\/{rel}","templated":true}]}}