{"id":532,"date":"2011-09-29T22:27:48","date_gmt":"2011-09-29T22:27:48","guid":{"rendered":"http:\/\/www.feuerwehrkostheim.de\/ffk\/?p=532"},"modified":"2018-06-02T14:06:53","modified_gmt":"2018-06-02T13:06:53","slug":"vermeintlicher-gartenhuttenbrand","status":"publish","type":"post","link":"https:\/\/www.feuerwehrkostheim.de\/?p=532","title":{"rendered":"Vermeintlicher Gartenh\u00fcttenbrand"},"content":{"rendered":"<p><img loading=\"lazy\" decoding=\"async\" class=\"alignleft\" title=\"Einsatz-Logo\" src=\"http:\/\/www.feuerwehrkostheim.de\/ffk\/wp-content\/bilder\/sonstige\/logo_einsatz.jpg\" alt=\"Einsatz-Logo\" width=\"100\" height=\"100\" \/><strong>29. September 2011 &#8211; 17:47 Uhr<\/strong><br \/>\n<strong>Verl\u00e4ngerung G\u00e4nssaalweg<\/strong><br \/>\nEinheit FF<br \/>\nEinsatz 48 &#8211; 2011<\/p>\n<p>Zu einer vermeindlich brennden Gartenh\u00fctte wurde die Kostheimer Wehr zusammen mit dem Basis-LF der Berufsfeuerwehr in den G\u00e4nssslweg alarmiert. Vor Ort angekommen kam eine K\u00fcbelspritze zum Einsatz, da entgegen der Einsatzmeldung lediglich Unrat in einer Gartenh\u00fctte brannte. Nach 20 Minuten war der Einsatz beendet.<\/p>\n","protected":false},"excerpt":{"rendered":"<p>29. September 2011 &#8211; 17:47 Uhr Verl\u00e4ngerung G\u00e4nssaalweg Einheit FF Einsatz 48 &#8211; 2011 Zu einer vermeindlich brennden Gartenh\u00fctte wurde die Kostheimer Wehr zusammen mit dem Basis-LF der Berufsfeuerwehr in den G\u00e4nssslweg alarmiert. Vor Ort angekommen kam eine K\u00fcbelspritze zum Einsatz, da entgegen der Einsatzmeldung lediglich Unrat in einer Gartenh\u00fctte brannte. Nach 20 Minuten war [&hellip;]<\/p>\n","protected":false},"author":1,"featured_media":0,"comment_status":"closed","ping_status":"open","sticky":false,"template":"","format":"standard","meta":{"_et_pb_use_builder":"","_et_pb_old_content":"","_et_gb_content_width":"","_crdt_document":"","footnotes":""},"categories":[5],"tags":[60,213,231],"class_list":["post-532","post","type-post","status-publish","format-standard","hentry","category-einsatze","tag-gartenhutte","tag-kubelspritze","tag-unratfeuer"],"_links":{"self":[{"href":"https:\/\/www.feuerwehrkostheim.de\/index.php?rest_route=\/wp\/v2\/posts\/532","targetHints":{"allow":["GET"]}}],"collection":[{"href":"https:\/\/www.feuerwehrkostheim.de\/index.php?rest_route=\/wp\/v2\/posts"}],"about":[{"href":"https:\/\/www.feuerwehrkostheim.de\/index.php?rest_route=\/wp\/v2\/types\/post"}],"author":[{"embeddable":true,"href":"https:\/\/www.feuerwehrkostheim.de\/index.php?rest_route=\/wp\/v2\/users\/1"}],"replies":[{"embeddable":true,"href":"https:\/\/www.feuerwehrkostheim.de\/index.php?rest_route=%2Fwp%2Fv2%2Fcomments&post=532"}],"version-history":[{"count":0,"href":"https:\/\/www.feuerwehrkostheim.de\/index.php?rest_route=\/wp\/v2\/posts\/532\/revisions"}],"wp:attachment":[{"href":"https:\/\/www.feuerwehrkostheim.de\/index.php?rest_route=%2Fwp%2Fv2%2Fmedia&parent=532"}],"wp:term":[{"taxonomy":"category","embeddable":true,"href":"https:\/\/www.feuerwehrkostheim.de\/index.php?rest_route=%2Fwp%2Fv2%2Fcategories&post=532"},{"taxonomy":"post_tag","embeddable":true,"href":"https:\/\/www.feuerwehrkostheim.de\/index.php?rest_route=%2Fwp%2Fv2%2Ftags&post=532"}],"curies":[{"name":"wp","href":"https:\/\/api.w.org\/{rel}","templated":true}]}}