{"id":5316,"date":"2019-07-08T19:02:58","date_gmt":"2019-07-08T18:02:58","guid":{"rendered":"https:\/\/www.feuerwehrkostheim.de\/?p=5316"},"modified":"2019-07-08T19:09:51","modified_gmt":"2019-07-08T18:09:51","slug":"vermaehlung-bei-strahlendem-sonnenschein-martin-und-ruth-haben-geheiratet","status":"publish","type":"post","link":"https:\/\/www.feuerwehrkostheim.de\/?p=5316","title":{"rendered":"Verm\u00e4hlung bei strahlendem Sonnenschein \u2013 Martin und Ruth haben geheiratet!"},"content":{"rendered":"<p>Bei strahlendem Sonnenschein haben sich unser Kamerad Martin Reinheimer und seine Ruth am vergangenen Freitag in der Kasteler Reduit das Jawort gegeben.<\/p>\n<p><a href=\"https:\/\/www.feuerwehrkostheim.de\/wp-content\/uploads\/2019\/07\/IMG_20190705_124747.jpg\"><img loading=\"lazy\" decoding=\"async\" class=\"alignright size-medium wp-image-5317\" style=\"border: 4px solid #D8D8D8;\" src=\"https:\/\/www.feuerwehrkostheim.de\/wp-content\/uploads\/2019\/07\/IMG_20190705_124747-300x225.jpg\" alt=\"\" width=\"300\" height=\"225\" srcset=\"https:\/\/www.feuerwehrkostheim.de\/wp-content\/uploads\/2019\/07\/IMG_20190705_124747-300x225.jpg 300w, https:\/\/www.feuerwehrkostheim.de\/wp-content\/uploads\/2019\/07\/IMG_20190705_124747-768x576.jpg 768w, https:\/\/www.feuerwehrkostheim.de\/wp-content\/uploads\/2019\/07\/IMG_20190705_124747-1024x768.jpg 1024w\" sizes=\"(max-width: 300px) 100vw, 300px\" \/><\/a>Standesgem\u00e4\u00df wurde das Brautpaar dabei nach der Trauungszeremonie von einer Delegation der Kostheimer Feuerwehr in Empfang genommen. Leider fiel das Spalier kleiner als gewohnt aus: P\u00fcnktlich zur Trauzeit war die Kostheimer Feuerwehr zu einem Einsatz alarmiert worden, so dass sich ein Gro\u00dfteil der bereitstehenden Kameraden anderen Aufgaben widmen musste.<\/p>\n<p>Die Kostheimer Feuerwehr gratuliert dem Brautpaar recht herzlich und w\u00fcnscht den Neuverm\u00e4hlten alles Gute und eine gl\u00fcckliche Zukunft.<\/p>\n","protected":false},"excerpt":{"rendered":"<p>Bei strahlendem Sonnenschein haben sich unser Kamerad Martin Reinheimer und seine Ruth am vergangenen Freitag in der Kasteler Reduit das Jawort gegeben. Standesgem\u00e4\u00df wurde das Brautpaar dabei nach der Trauungszeremonie von einer Delegation der Kostheimer Feuerwehr in Empfang genommen. Leider fiel das Spalier kleiner als gewohnt aus: P\u00fcnktlich zur Trauzeit war die Kostheimer Feuerwehr zu [&hellip;]<\/p>\n","protected":false},"author":2,"featured_media":0,"comment_status":"closed","ping_status":"open","sticky":false,"template":"","format":"standard","meta":{"_et_pb_use_builder":"","_et_pb_old_content":"","_et_gb_content_width":"","_crdt_document":"","footnotes":""},"categories":[1,4,10],"tags":[1250,24,23,1020,585],"class_list":["post-5316","post","type-post","status-publish","format-standard","hentry","category-allgemein","category-einsatzabteilung","category-verein","tag-glueckwunsch","tag-heirat","tag-hochzeit","tag-reduit","tag-spalier"],"_links":{"self":[{"href":"https:\/\/www.feuerwehrkostheim.de\/index.php?rest_route=\/wp\/v2\/posts\/5316","targetHints":{"allow":["GET"]}}],"collection":[{"href":"https:\/\/www.feuerwehrkostheim.de\/index.php?rest_route=\/wp\/v2\/posts"}],"about":[{"href":"https:\/\/www.feuerwehrkostheim.de\/index.php?rest_route=\/wp\/v2\/types\/post"}],"author":[{"embeddable":true,"href":"https:\/\/www.feuerwehrkostheim.de\/index.php?rest_route=\/wp\/v2\/users\/2"}],"replies":[{"embeddable":true,"href":"https:\/\/www.feuerwehrkostheim.de\/index.php?rest_route=%2Fwp%2Fv2%2Fcomments&post=5316"}],"version-history":[{"count":3,"href":"https:\/\/www.feuerwehrkostheim.de\/index.php?rest_route=\/wp\/v2\/posts\/5316\/revisions"}],"predecessor-version":[{"id":5322,"href":"https:\/\/www.feuerwehrkostheim.de\/index.php?rest_route=\/wp\/v2\/posts\/5316\/revisions\/5322"}],"wp:attachment":[{"href":"https:\/\/www.feuerwehrkostheim.de\/index.php?rest_route=%2Fwp%2Fv2%2Fmedia&parent=5316"}],"wp:term":[{"taxonomy":"category","embeddable":true,"href":"https:\/\/www.feuerwehrkostheim.de\/index.php?rest_route=%2Fwp%2Fv2%2Fcategories&post=5316"},{"taxonomy":"post_tag","embeddable":true,"href":"https:\/\/www.feuerwehrkostheim.de\/index.php?rest_route=%2Fwp%2Fv2%2Ftags&post=5316"}],"curies":[{"name":"wp","href":"https:\/\/api.w.org\/{rel}","templated":true}]}}