{"id":5306,"date":"2019-07-06T11:02:51","date_gmt":"2019-07-06T10:02:51","guid":{"rendered":"https:\/\/www.feuerwehrkostheim.de\/?p=5306"},"modified":"2019-07-08T19:09:16","modified_gmt":"2019-07-08T18:09:16","slug":"brandnachschau-an-den-pappeln-hinweis-auf-moegliche-brandstifung-entdeckt","status":"publish","type":"post","link":"https:\/\/www.feuerwehrkostheim.de\/?p=5306","title":{"rendered":"Brandnachschau an den Pappeln &#8211; Hinweis auf m\u00f6gliche Brandstiftung entdeckt"},"content":{"rendered":"<p><img loading=\"lazy\" decoding=\"async\" class=\"alignleft\" title=\"Einsatz-Logo\" src=\"https:\/\/www.feuerwehrkostheim.de\/wp-content\/bilder\/sonstige\/logo_einsatz.jpg\" alt=\"Einsatz-Logo\" width=\"100\" height=\"100\" \/><strong>05. Juli 2019 &#8211; 21:14 Uhr<\/strong><br \/>\n<strong>Mainufer Bruchst\u00fcck<\/strong><br \/>\nEinzelfahrzeugalarmierung<br \/>\nEinsatz 59 &#8211; 2019<\/p>\n<p><a href=\"https:\/\/www.feuerwehrkostheim.de\/wp-content\/uploads\/2019\/07\/2019-07-05_Baumbrand.jpg\"><img decoding=\"async\" class=\"alignright wp-image-5307 size-medium\" style=\"border: 4px solid #D8D8D8;\" src=\"https:\/\/www.feuerwehrkostheim.de\/wp-content\/uploads\/2019\/07\/2019-07-05_Baumbrand-300x225.jpg\" alt=\"\" height=\"225\" srcset=\"https:\/\/www.feuerwehrkostheim.de\/wp-content\/uploads\/2019\/07\/2019-07-05_Baumbrand-300x225.jpg 300w, https:\/\/www.feuerwehrkostheim.de\/wp-content\/uploads\/2019\/07\/2019-07-05_Baumbrand-768x576.jpg 768w, https:\/\/www.feuerwehrkostheim.de\/wp-content\/uploads\/2019\/07\/2019-07-05_Baumbrand-1024x768.jpg 1024w\" sizes=\"(max-width: 300px) 100vw, 300px\" \/><\/a> Da man ausschlie\u00dfen wollte, dass eventuell \u00fcbersehene Glutnester bei den am Mittag abgel\u00f6schten Pappeln erneut ein Feuer entfachen, vereinbarte man mit dem zust\u00e4ndigen Einsatzleiter eine Brandnachschau der Einsatzstelle am sp\u00e4ten Abend durch die Kostheimer Feuerwehr. Die im MTF ohnehin kurz zuvor zur gemeldeten Rauchentwicklung gefahrenen Kameraden \u00fcbernahmen dies und begutachteten die Brandstellen vom fr\u00fchen Mittag.<\/p>\n<p>W\u00e4hrend sie an den einzelnen Brandstellen nichts feststellen konnten, bemerkten sie dennoch eine Sache, die darauf zur\u00fcckschlie\u00dfen lie\u00df, dass versucht wurde ein Feuer absichtlich zu legen. Nach R\u00fccksprache mit dem Lagedienst der Berufsfeuerwehr forderte man die Polizei an, die sich die Umst\u00e4nde vor Ort genau anschaute und entsprechend dokumentierte.<\/p>\n<p>Gegen 23 Uhr war nun auch die letzte Aktivit\u00e4t der Feuerwehr Kostheim an diesem arbeitsintensiven Tag abgeschlossen. Die Abteilung K11 der Kriminalpolizei hat noch in der Nacht die Ermittlungen aufgenommen.<\/p>\n","protected":false},"excerpt":{"rendered":"<p>05. Juli 2019 &#8211; 21:14 Uhr Mainufer Bruchst\u00fcck Einzelfahrzeugalarmierung Einsatz 59 &#8211; 2019 Da man ausschlie\u00dfen wollte, dass eventuell \u00fcbersehene Glutnester bei den am Mittag abgel\u00f6schten Pappeln erneut ein Feuer entfachen, vereinbarte man mit dem zust\u00e4ndigen Einsatzleiter eine Brandnachschau der Einsatzstelle am sp\u00e4ten Abend durch die Kostheimer Feuerwehr. Die im MTF ohnehin kurz zuvor zur [&hellip;]<\/p>\n","protected":false},"author":1,"featured_media":0,"comment_status":"closed","ping_status":"open","sticky":false,"template":"","format":"standard","meta":{"_et_pb_use_builder":"","_et_pb_old_content":"","_et_gb_content_width":"","_crdt_document":"","footnotes":""},"categories":[5],"tags":[1248,200,161,380,692,1249,1243],"class_list":["post-5306","post","type-post","status-publish","format-standard","hentry","category-einsatze","tag-brandnachschau","tag-brandstiftung","tag-hinweis","tag-kontrolle","tag-mainufer","tag-moeglich","tag-pappel"],"_links":{"self":[{"href":"https:\/\/www.feuerwehrkostheim.de\/index.php?rest_route=\/wp\/v2\/posts\/5306","targetHints":{"allow":["GET"]}}],"collection":[{"href":"https:\/\/www.feuerwehrkostheim.de\/index.php?rest_route=\/wp\/v2\/posts"}],"about":[{"href":"https:\/\/www.feuerwehrkostheim.de\/index.php?rest_route=\/wp\/v2\/types\/post"}],"author":[{"embeddable":true,"href":"https:\/\/www.feuerwehrkostheim.de\/index.php?rest_route=\/wp\/v2\/users\/1"}],"replies":[{"embeddable":true,"href":"https:\/\/www.feuerwehrkostheim.de\/index.php?rest_route=%2Fwp%2Fv2%2Fcomments&post=5306"}],"version-history":[{"count":2,"href":"https:\/\/www.feuerwehrkostheim.de\/index.php?rest_route=\/wp\/v2\/posts\/5306\/revisions"}],"predecessor-version":[{"id":5309,"href":"https:\/\/www.feuerwehrkostheim.de\/index.php?rest_route=\/wp\/v2\/posts\/5306\/revisions\/5309"}],"wp:attachment":[{"href":"https:\/\/www.feuerwehrkostheim.de\/index.php?rest_route=%2Fwp%2Fv2%2Fmedia&parent=5306"}],"wp:term":[{"taxonomy":"category","embeddable":true,"href":"https:\/\/www.feuerwehrkostheim.de\/index.php?rest_route=%2Fwp%2Fv2%2Fcategories&post=5306"},{"taxonomy":"post_tag","embeddable":true,"href":"https:\/\/www.feuerwehrkostheim.de\/index.php?rest_route=%2Fwp%2Fv2%2Ftags&post=5306"}],"curies":[{"name":"wp","href":"https:\/\/api.w.org\/{rel}","templated":true}]}}