{"id":5304,"date":"2019-07-06T10:46:50","date_gmt":"2019-07-06T09:46:50","guid":{"rendered":"https:\/\/www.feuerwehrkostheim.de\/?p=5304"},"modified":"2019-07-06T10:46:50","modified_gmt":"2019-07-06T09:46:50","slug":"erneut-starke-rauchentwicklung-im-bereich-richtung-hochheim","status":"publish","type":"post","link":"https:\/\/www.feuerwehrkostheim.de\/?p=5304","title":{"rendered":"Erneut starke Rauchentwicklung im Bereich Richtung Hochheim"},"content":{"rendered":"<p><img loading=\"lazy\" decoding=\"async\" class=\"alignleft\" title=\"Einsatz-Logo\" src=\"https:\/\/www.feuerwehrkostheim.de\/wp-content\/bilder\/sonstige\/logo_einsatz.jpg\" alt=\"Einsatz-Logo\" width=\"100\" height=\"100\" \/><strong>05. Juli 2019 &#8211; 21:03 Uhr<\/strong><br \/>\n<strong>Hochheimer Stra\u00dfe<\/strong><br \/>\nFF-Einheit<br \/>\nEinsatz 58 &#8211; 2019<\/p>\n<p>Die Kostheimer Kameraden waren gerade auf der R\u00fcckfahrt von der Feuerwache 2 zum Ger\u00e4tehaus, als nicht nur sie sondern auch eine Vielzahl weiterer Personen, die den Notruf anw\u00e4hlten, eine gro\u00dfe Rauchentwicklung in Richtung Kostheimer Feldgemarkung bemerkten. Umgehend setzte die Leistelle wieder den Einsatzleitdienst sowie das L\u00f6sch- und die Tankl\u00f6schfahrzeuge der Berufsfeuerwehr in Marsch. Obwohl die Rauchs\u00e4ule weithin sichtbar war, konnte \u2013 zumindest was die Wiesbadener Kr\u00e4fte anging \u2013 kurze Zeit sp\u00e4ter Entwarnung gegeben werden. Die Ursache der Rauchs\u00e4ule war ein <a href=\"https:\/\/www.facebook.com\/wi112\/posts\/10157243451129360\" target=\"_blank\" rel=\"noopener noreferrer\">vergleichbarer Brand wie heute Mittag<\/a>, jedoch auf der anderen Mainseite, im Zust\u00e4ndigkeitsbereich der Feuerwehr Bischofsheim. Somit konnte zumindest dieser Einsatz nach nur kurzer Zeit und ohne weitere Anstrengung beendet werden.<\/p>\n<p>W\u00e4hrend die Kostheimer L\u00f6schfahrzeuge endg\u00fcltig einr\u00fcckten, \u00fcbernahm das Personal des Mannschaftstransportfahrzeuges die Brandnachschau im Bereich der gel\u00f6schten Pappeln.<\/p>\n","protected":false},"excerpt":{"rendered":"<p>05. Juli 2019 &#8211; 21:03 Uhr Hochheimer Stra\u00dfe FF-Einheit Einsatz 58 &#8211; 2019 Die Kostheimer Kameraden waren gerade auf der R\u00fcckfahrt von der Feuerwache 2 zum Ger\u00e4tehaus, als nicht nur sie sondern auch eine Vielzahl weiterer Personen, die den Notruf anw\u00e4hlten, eine gro\u00dfe Rauchentwicklung in Richtung Kostheimer Feldgemarkung bemerkten. Umgehend setzte die Leistelle wieder den [&hellip;]<\/p>\n","protected":false},"author":1,"featured_media":0,"comment_status":"closed","ping_status":"open","sticky":false,"template":"","format":"standard","meta":{"_et_pb_use_builder":"","_et_pb_old_content":"","_et_gb_content_width":"","_crdt_document":"","footnotes":""},"categories":[5],"tags":[112,113,111],"class_list":["post-5304","post","type-post","status-publish","format-standard","hentry","category-einsatze","tag-brandverdacht","tag-fehlalarm","tag-rauchentwicklung"],"_links":{"self":[{"href":"https:\/\/www.feuerwehrkostheim.de\/index.php?rest_route=\/wp\/v2\/posts\/5304","targetHints":{"allow":["GET"]}}],"collection":[{"href":"https:\/\/www.feuerwehrkostheim.de\/index.php?rest_route=\/wp\/v2\/posts"}],"about":[{"href":"https:\/\/www.feuerwehrkostheim.de\/index.php?rest_route=\/wp\/v2\/types\/post"}],"author":[{"embeddable":true,"href":"https:\/\/www.feuerwehrkostheim.de\/index.php?rest_route=\/wp\/v2\/users\/1"}],"replies":[{"embeddable":true,"href":"https:\/\/www.feuerwehrkostheim.de\/index.php?rest_route=%2Fwp%2Fv2%2Fcomments&post=5304"}],"version-history":[{"count":1,"href":"https:\/\/www.feuerwehrkostheim.de\/index.php?rest_route=\/wp\/v2\/posts\/5304\/revisions"}],"predecessor-version":[{"id":5305,"href":"https:\/\/www.feuerwehrkostheim.de\/index.php?rest_route=\/wp\/v2\/posts\/5304\/revisions\/5305"}],"wp:attachment":[{"href":"https:\/\/www.feuerwehrkostheim.de\/index.php?rest_route=%2Fwp%2Fv2%2Fmedia&parent=5304"}],"wp:term":[{"taxonomy":"category","embeddable":true,"href":"https:\/\/www.feuerwehrkostheim.de\/index.php?rest_route=%2Fwp%2Fv2%2Fcategories&post=5304"},{"taxonomy":"post_tag","embeddable":true,"href":"https:\/\/www.feuerwehrkostheim.de\/index.php?rest_route=%2Fwp%2Fv2%2Ftags&post=5304"}],"curies":[{"name":"wp","href":"https:\/\/api.w.org\/{rel}","templated":true}]}}