{"id":5302,"date":"2019-07-06T10:19:01","date_gmt":"2019-07-06T09:19:01","guid":{"rendered":"https:\/\/www.feuerwehrkostheim.de\/?p=5302"},"modified":"2019-07-08T15:48:20","modified_gmt":"2019-07-08T14:48:20","slug":"grossbrand-auf-einem-feld-feuerwand-rast-auf-kleingaerten-zu","status":"publish","type":"post","link":"https:\/\/www.feuerwehrkostheim.de\/?p=5302","title":{"rendered":"Gro\u00dfbrand auf einem Feld &#8211; Feuerwand rast auf Kleing\u00e4rten zu"},"content":{"rendered":"<p><img loading=\"lazy\" decoding=\"async\" class=\"alignleft\" title=\"Einsatz-Logo\" src=\"https:\/\/www.feuerwehrkostheim.de\/wp-content\/bilder\/sonstige\/logo_einsatz.jpg\" alt=\"Einsatz-Logo\" width=\"100\" height=\"100\" \/><strong>05. Juli 2019 &#8211; 15:18 Uhr<\/strong><br \/>\n<strong>Feldgemarkung zw. Kostheim und Hochheim<\/strong><br \/>\nFF-Einheit \/ Alarmgruppe mit FF-Kastel<br \/>\nEinsatz 57 &#8211; 2019<\/p>\n<p><img decoding=\"async\" class=\"alignright size-medium\" style=\"border: 4px solid #D8D8D8;\" src=\"https:\/\/live.staticflickr.com\/65535\/48210980062_07110e4630_n.jpg\" height=\"240\" \/>W\u00e4hrend die Arbeiten im Bereich des <a href=\"https:\/\/www.feuerwehrkostheim.de\/?p=5298\" target=\"_blank\" rel=\"noopener noreferrer\">Brandes der Pappeln am Mainufer<\/a> noch nicht abgeschlossen waren, wurden die Kr\u00e4fte vor Ort \u00fcber eingehende Notrufe, die von einer massiven Rauchentwicklung im Bereich des Feldes zwischen Kostheim und Hochheim berichteten, informiert. Da man auf Anhieb von der aktuellen Einsatzstelle nichts feststellen konnte \u2013 das W\u00e4ldchen im Bereich des Hochwasserpolders versperrte die Sicht \u2013 verlie\u00df das Kostheimer Mannschaftstransportfahrzeug zusammen mit dem ortskundigen Wehrf\u00fchrer sowie ein weiterer F\u00fchrungsbeamter der Berufsfeuerwehr die alte Einsatzstelle um zu erkunden, was brennt und vor allem wo die neue Brandstelle war. Zu diesem Zeitpunkt war jedoch noch nicht zu erahnen, mit welcher Dramatik die n\u00e4chsten Minuten ablaufen w\u00fcrden.<\/p>\n<p><strong>Feuerwand l\u00e4uft auf Kleingartenanlage zu<\/strong><\/p>\n<p><img decoding=\"async\" class=\"size-medium alignleft\" style=\"border: 4px solid #D8D8D8;\" src=\"https:\/\/live.staticflickr.com\/65535\/48210921246_87fd97322c_n.jpg\" height=\"240\" \/>Nachdem die zwei Erkunder das Feuer lokalisiert hatten \u2013 es brannte auf einem noch nicht abgeernteten Kornfeld zwischen Kostheim und Hochheim, etwa 250 Meter s\u00fcdlich des K\u00e4sbaches \u2013 konnte zumindest die Anfahrt f\u00fcr die anr\u00fcckenden Einsatzkr\u00e4fte vorgegeben werden. Man selbst stand \u00f6stlich des Feuers in H\u00f6he der Hochheimer Kleingartenanlage, als auch das erste L\u00f6schfahrzug aus dem Main-Taunus-Kreis, wo fast zeitnah die Alarmierung der Feuerwehrkr\u00e4fte erfolgte, vor Ort eintraf. W\u00e4hrend ein M\u00e4hdrescher versuchte dem Feuer durch m\u00e4hen einer Schneise die Nahrung zu nehmen, fachte jedoch pl\u00f6tzlich der Wind auf und das Feuer, das zu Beginn noch in sicherer Entfernung war, breitete sich rasend schnell in Richtung der Erkunder sowie ersten L\u00f6scheinheiten aus. Eine regelrechte Feuerwand baute sich mit meterhohen Flammen auf und fra\u00df sich in ungeahnter Schnelligkeit in Richtung Hochheim vor.<\/p>\n<p><img decoding=\"async\" class=\"alignright size-medium\" style=\"border: 4px solid #D8D8D8;\" src=\"https:\/\/live.staticflickr.com\/65535\/48210978057_da56d1c755_n.jpg\" height=\"240\" \/>Da die Lage v\u00f6llig au\u00dfer Kontrolle geraten war und nicht ausgeschlossen werden konnte, dass sich das Feuer in die Kleing\u00e4rten hineinfressen w\u00fcrde, begann man mit einer regelrechten Feuerwalze im R\u00fccken, die Gartenbesitzer auf die drohende Gefahr aufmerksam zu machen, den Bereich nach M\u00f6glichkeit g\u00e4nzlich zu evakuieren und erste Schaulustige zur\u00fcckzudr\u00e4ngen. <strong>Trotz der sichtbaren Gefahr war das Verst\u00e4ndnis nicht bei Allen auf Anhieb gegeben und es musste mit Nachdruck und Androhung des Eingriffs ins Aufenthaltsrecht einzelner Personen zum Entfernen aus dem Gefahrenbereich aufgefordert werden.<\/strong> Teilweise wurden Personen in das Kostheimer Fahrzeug eingeladen und aus der Gefahrenzone gebracht, da ein fu\u00dfl\u00e4ufiges Entfernen nicht mehr gew\u00e4hrleistet werden konnte.<\/p>\n<p><!--more--><img decoding=\"async\" class=\"alignleft size-medium\" style=\"border: 4px solid #D8D8D8;\" src=\"https:\/\/live.staticflickr.com\/65535\/48210918546_7073178da5_n.jpg\" height=\"240\" \/>Zeitgleich zur Evakuierung erh\u00f6hte der F\u00fchrungsbeamte der Berufsfeuerwehr das Einsatzstichwort und forderte massiv Einheiten nach, was zur Folge hatte, dass neben den geokoordiniert vorgeschlagenen Feuerwehren aus Kastel, Delkenheim und Erbenheim auch alle gel\u00e4ndef\u00e4higen Tankl\u00f6schfahrzeuge der Wehren Nordenstadt, Sonnenberg, Medenbach und Breckenheim sowie der Schlauchwagen der FF Biebrich alarmiert wurden. Zus\u00e4tzlich zu den Feuerwehrkr\u00e4ften aus dem Main-Taunus-Kreis war auch die U.S. Feuerwehr des Flugplatzes Erbenheim auf dem Weg zur Einsatzstelle. Auch die kurz nach Einsatzbeginn freigewordenen Kameraden aus Kostheim waren mit ihren L\u00f6schfahrzeugen wieder eingebunden.<\/p>\n<p><img decoding=\"async\" class=\"alignright size-medium\" style=\"border: 4px solid #D8D8D8;\" src=\"https:\/\/live.staticflickr.com\/65535\/48210972997_a08111314a_n.jpg\" height=\"240\" \/>Mit dem Eintreffen der Einheiten konnte nach und nach ein massiver L\u00f6schangriff bei sommerlich hei\u00dfen Temperaturen vorgenommen werden. Dies f\u00fchrte dazu, dass man das Feuer regelrecht einkesseln konnte. Eine Ausbreitung auf die Kleing\u00e4rten sowie das Vereinsgel\u00e4nde der Hundefreunde Hochheim konnte verhindert werden. Zur Sicherstellung der Wasserversorgung verlegte man von verschiedenen Hydranten aus Schl\u00e4uche zur eigentlichen Brandstelle. Diese erstreckte sich letztendlich auf ungef\u00e4hr 120.000 Quadratmeter. Wegen der starken Rauchentwicklung musste die A671 zeitweise f\u00fcr den Verkehr gesperrt werden. Ein Polizeihubschrauber sondierte zudem die Gesamtlage von oben. Etwa vier Stunden nach Einsatzbeginn war die gr\u00f6\u00dfte Arbeit getan und die ersten Kr\u00e4fte konnten herausgel\u00f6st werden. Die Einsatzleitung, die anf\u00e4nglich bei der Feuerwehr Wiesbaden lag, \u00fcbernahm im weiteren Verlauf der Stadtbrandinspektor der Feuerwehr Hochheim. Zwei Kostheimer Feuerwehrleute mussten sich w\u00e4hrenddessen kurz vom Rettungsdienst behandeln lassen, da sie mit ihren Kr\u00e4ften am Ende waren. Ihnen ging es aber nach einer Ruhephase und der Gabe einer Zuckerl\u00f6sung schnell wieder besser.<\/p>\n<p><img decoding=\"async\" class=\"alignleft size-medium\" style=\"border: 4px solid #D8D8D8;\" src=\"https:\/\/live.staticflickr.com\/65535\/48210906566_2be711eb3f_n.jpg\" height=\"240\" \/>Da die Kameraden der Kostheimer und Kasteler Feuerwehr nunmehr schon fast sieben Stunden im Einsatz waren, steuerte man, bevor die Fahrzeuge wieder mit frischem Material best\u00fcckt wurden, das Kostheimer Ger\u00e4tehaus an um sich mit einer herzhaften Pizza zu st\u00e4rken.<\/p>\n<p>Mit frischen Kr\u00e4ften fuhr man dann im Anschluss die Feuerwache 2 an, um die fast g\u00e4nzlich leer ger\u00e4umten Einsatzfahrzeuge wieder mit frischem Material zu best\u00fccken.<\/p>\n<div style=\"width: 330px\" class=\"wp-caption aligncenter\"><img loading=\"lazy\" decoding=\"async\" style=\"border: 4px solid #D8D8D8;\" src=\"https:\/\/live.staticflickr.com\/65535\/48211031481_e526b96850_n.jpg\" alt=\"\" width=\"320\" height=\"240\" \/><p class=\"wp-caption-text\">Das Ausma\u00df in einer \u00dcbersicht<\/p><\/div>\n<p>Man war jedoch noch nicht wieder im Ger\u00e4tehaus angekommen, da ging es auch schon munter mit einer gemeldeten Rauchentwicklung \u2013 wieder zwischen Kostheim und Hochheim &#8211; weiter.<\/p>\n<p>[FAGP id=5311]<\/p>\n","protected":false},"excerpt":{"rendered":"<p>05. Juli 2019 &#8211; 15:18 Uhr Feldgemarkung zw. Kostheim und Hochheim FF-Einheit \/ Alarmgruppe mit FF-Kastel Einsatz 57 &#8211; 2019 W\u00e4hrend die Arbeiten im Bereich des Brandes der Pappeln am Mainufer noch nicht abgeschlossen waren, wurden die Kr\u00e4fte vor Ort \u00fcber eingehende Notrufe, die von einer massiven Rauchentwicklung im Bereich des Feldes zwischen Kostheim und [&hellip;]<\/p>\n","protected":false},"author":1,"featured_media":0,"comment_status":"closed","ping_status":"open","sticky":false,"template":"","format":"standard","meta":{"_et_pb_use_builder":"","_et_pb_old_content":"","_et_gb_content_width":"","_crdt_document":"","footnotes":""},"categories":[5],"tags":[50,30,31,1246,1247,267,569],"class_list":["post-5302","post","type-post","status-publish","format-standard","hentry","category-einsatze","tag-brand","tag-feld","tag-feuer","tag-feuerwalze","tag-feuerwand","tag-grosbrand","tag-hochheim"],"_links":{"self":[{"href":"https:\/\/www.feuerwehrkostheim.de\/index.php?rest_route=\/wp\/v2\/posts\/5302","targetHints":{"allow":["GET"]}}],"collection":[{"href":"https:\/\/www.feuerwehrkostheim.de\/index.php?rest_route=\/wp\/v2\/posts"}],"about":[{"href":"https:\/\/www.feuerwehrkostheim.de\/index.php?rest_route=\/wp\/v2\/types\/post"}],"author":[{"embeddable":true,"href":"https:\/\/www.feuerwehrkostheim.de\/index.php?rest_route=\/wp\/v2\/users\/1"}],"replies":[{"embeddable":true,"href":"https:\/\/www.feuerwehrkostheim.de\/index.php?rest_route=%2Fwp%2Fv2%2Fcomments&post=5302"}],"version-history":[{"count":3,"href":"https:\/\/www.feuerwehrkostheim.de\/index.php?rest_route=\/wp\/v2\/posts\/5302\/revisions"}],"predecessor-version":[{"id":5313,"href":"https:\/\/www.feuerwehrkostheim.de\/index.php?rest_route=\/wp\/v2\/posts\/5302\/revisions\/5313"}],"wp:attachment":[{"href":"https:\/\/www.feuerwehrkostheim.de\/index.php?rest_route=%2Fwp%2Fv2%2Fmedia&parent=5302"}],"wp:term":[{"taxonomy":"category","embeddable":true,"href":"https:\/\/www.feuerwehrkostheim.de\/index.php?rest_route=%2Fwp%2Fv2%2Fcategories&post=5302"},{"taxonomy":"post_tag","embeddable":true,"href":"https:\/\/www.feuerwehrkostheim.de\/index.php?rest_route=%2Fwp%2Fv2%2Ftags&post=5302"}],"curies":[{"name":"wp","href":"https:\/\/api.w.org\/{rel}","templated":true}]}}