{"id":5298,"date":"2019-07-06T08:13:11","date_gmt":"2019-07-06T07:13:11","guid":{"rendered":"https:\/\/www.feuerwehrkostheim.de\/?p=5298"},"modified":"2019-07-06T11:11:06","modified_gmt":"2019-07-06T10:11:06","slug":"erneut-brennen-baeume-im-bereich-des-mainufers","status":"publish","type":"post","link":"https:\/\/www.feuerwehrkostheim.de\/?p=5298","title":{"rendered":"Erneut brennen B\u00e4ume im Bereich des Mainufers"},"content":{"rendered":"<p><img loading=\"lazy\" decoding=\"async\" class=\"alignleft\" title=\"Einsatz-Logo\" src=\"https:\/\/www.feuerwehrkostheim.de\/wp-content\/bilder\/sonstige\/logo_einsatz.jpg\" alt=\"Einsatz-Logo\" width=\"100\" height=\"100\" \/><strong>05. Juli 2019 &#8211; 11:52 Uhr<\/strong><br \/>\n<strong>Mainufer Bruchst\u00fcck<\/strong><br \/>\nFF-Einheit \/ Alarmgruppe mit FF-Kastel<br \/>\nEinsatz 56 &#8211; 2019<\/p>\n<p><img decoding=\"async\" class=\"alignright size-medium\" style=\"border: 4px solid #D8D8D8;\" src=\"https:\/\/live.staticflickr.com\/65535\/48210411371_ccffc0b6f1_n.jpg\" height=\"180\" \/>Der Einsatzmarathon, dem die Kostheimer Feuerwehr in den letzten Tagen regelrecht ausgesetzt war, setzte sich auch am Freitag fort. Kurz vor 12 Uhr \u2013 die standesamtliche Trauung eines Kameraden war im Begriff zu starten \u2013 gingen erneut Meldungen \u00fcber einen Brand im Bereich des Maindammes, zwischen Papierwerk und Reiterhof ein. Im feinen Zwirn \u2013 nur die Einsatzkleidung dar\u00fcber gezogen &#8211; machte das erste L\u00f6schfahrzeug schon praktisch mit der Alarmierung kehrt und fuhr die vom Vortag bekannte Einsatzstelle an. Zus\u00e4tzlich r\u00fcckte ein L\u00f6schfahrzeug zusammen mit zwei Tankl\u00f6schfahrzeugen der Berufsfeuerwehr sowie die FF Kastel mit aus.<\/p>\n<p><img decoding=\"async\" class=\"alignleft size-medium\" style=\"border: 4px solid #D8D8D8;\" src=\"https:\/\/live.staticflickr.com\/65535\/48210416676_0cfbc21b0c_n.jpg\" height=\"240\" \/>Auch dieses Mal brannte \u2013 nur unweit der Brandstelle von Donnerstagmorgen \u2013 eine stattliche Pappel. Der Unterschied zum Vortag lag jedoch darin, dass man nun den schon geschaffenen Trampelpfad, quer durch das Brennnesselfeld, direkt nutzen konnte. Noch w\u00e4hrend man dabei war die Wasserversorgung aufzubauen, ergab die n\u00e4here Erkundung dann noch einen weiteren brennenden, schon im Unterholz liegenden Baumstamm \u2013 etwa 50 Meter weiter Mainabw\u00e4rts. Man teilte die Einsatzkr\u00e4fte auf und l\u00f6schte beide Br\u00e4nde ab.<\/p>\n<p><!--more-->Da es sich bei der mit Brand beaufschlagten Pappel um einen ohnehin gr\u00f6\u00dftenteils abgestorbenen Baum handelte, musste man von davon ausgehen, dass die Standfestigkeit erheblich beeintr\u00e4chtigt war. Durch die massive Gr\u00f6\u00dfe sowie den \u00e4u\u00dferst ung\u00fcnstigen Standort holte man sich die Beurteilung fachm\u00e4nnische Unterst\u00fctzung durch den Revierf\u00f6rster. Zusammen mit dem Direktionsdienst der Feuerwehr wurde dann entschieden den Baum zu f\u00e4llen. Somit ging hiervon keine Gefahr mehr aus und es konnte das Geh\u00f6lz auf eventuelle Glutnester kontrolliert werden.<\/p>\n<p><img decoding=\"async\" class=\"size-medium alignright\" style=\"border: 4px solid #D8D8D8;\" src=\"https:\/\/live.staticflickr.com\/65535\/48210408046_2702b66459_n.jpg\" height=\"240\" \/>Unter Zuhilfenahme von schwerem Ger\u00e4t, in Form eines Traktors mit Seilwinde, konnte die Pappel gef\u00e4llt und sodann abschlie\u00dfend abgel\u00f6scht werden. Dies geschah etwa drei Stunden nach Einsatzbeginn. Zwischenzeitlich konnten ein Teil der Kameraden der Berufsfeuerwehr sowie der FF Kastel aus dem Einsatz herausgel\u00f6st werden.<\/p>\n<p>Bevor man jedoch die Arbeiten g\u00e4nzlich beendet hatte, erreichte die Kameraden eine erneute Feuermeldung. Dieses Mal in der Feldgemarkung n\u00f6rdlich der Hochheimer Stra\u00dfe.<\/p>\n<p>[FAGP id=5299]<\/p>\n","protected":false},"excerpt":{"rendered":"<p>05. Juli 2019 &#8211; 11:52 Uhr Mainufer Bruchst\u00fcck FF-Einheit \/ Alarmgruppe mit FF-Kastel Einsatz 56 &#8211; 2019 Der Einsatzmarathon, dem die Kostheimer Feuerwehr in den letzten Tagen regelrecht ausgesetzt war, setzte sich auch am Freitag fort. Kurz vor 12 Uhr \u2013 die standesamtliche Trauung eines Kameraden war im Begriff zu starten \u2013 gingen erneut Meldungen [&hellip;]<\/p>\n","protected":false},"author":1,"featured_media":0,"comment_status":"closed","ping_status":"open","sticky":false,"template":"","format":"standard","meta":{"_et_pb_use_builder":"","_et_pb_old_content":"","_et_gb_content_width":"","_crdt_document":"","footnotes":""},"categories":[5],"tags":[110,420,50,391,392,31,692,1245],"class_list":["post-5298","post","type-post","status-publish","format-standard","hentry","category-einsatze","tag-alarmgruppe","tag-baum","tag-brand","tag-damm","tag-deich","tag-feuer","tag-mainufer","tag-mainvorland"],"_links":{"self":[{"href":"https:\/\/www.feuerwehrkostheim.de\/index.php?rest_route=\/wp\/v2\/posts\/5298","targetHints":{"allow":["GET"]}}],"collection":[{"href":"https:\/\/www.feuerwehrkostheim.de\/index.php?rest_route=\/wp\/v2\/posts"}],"about":[{"href":"https:\/\/www.feuerwehrkostheim.de\/index.php?rest_route=\/wp\/v2\/types\/post"}],"author":[{"embeddable":true,"href":"https:\/\/www.feuerwehrkostheim.de\/index.php?rest_route=\/wp\/v2\/users\/1"}],"replies":[{"embeddable":true,"href":"https:\/\/www.feuerwehrkostheim.de\/index.php?rest_route=%2Fwp%2Fv2%2Fcomments&post=5298"}],"version-history":[{"count":3,"href":"https:\/\/www.feuerwehrkostheim.de\/index.php?rest_route=\/wp\/v2\/posts\/5298\/revisions"}],"predecessor-version":[{"id":5310,"href":"https:\/\/www.feuerwehrkostheim.de\/index.php?rest_route=\/wp\/v2\/posts\/5298\/revisions\/5310"}],"wp:attachment":[{"href":"https:\/\/www.feuerwehrkostheim.de\/index.php?rest_route=%2Fwp%2Fv2%2Fmedia&parent=5298"}],"wp:term":[{"taxonomy":"category","embeddable":true,"href":"https:\/\/www.feuerwehrkostheim.de\/index.php?rest_route=%2Fwp%2Fv2%2Fcategories&post=5298"},{"taxonomy":"post_tag","embeddable":true,"href":"https:\/\/www.feuerwehrkostheim.de\/index.php?rest_route=%2Fwp%2Fv2%2Ftags&post=5298"}],"curies":[{"name":"wp","href":"https:\/\/api.w.org\/{rel}","templated":true}]}}