{"id":5291,"date":"2019-07-04T16:21:57","date_gmt":"2019-07-04T15:21:57","guid":{"rendered":"https:\/\/www.feuerwehrkostheim.de\/?p=5291"},"modified":"2019-07-04T17:55:12","modified_gmt":"2019-07-04T16:55:12","slug":"stundenlanger-einsatz-im-mainvorland","status":"publish","type":"post","link":"https:\/\/www.feuerwehrkostheim.de\/?p=5291","title":{"rendered":"Stundenlanger Einsatz im Mainvorland"},"content":{"rendered":"<p><img loading=\"lazy\" decoding=\"async\" class=\"alignleft\" title=\"Einsatz-Logo\" src=\"https:\/\/www.feuerwehrkostheim.de\/wp-content\/bilder\/sonstige\/logo_einsatz.jpg\" alt=\"Einsatz-Logo\" width=\"100\" height=\"100\" \/><strong>04. Juli 2019 &#8211; 01:34 Uhr<\/strong><br \/>\n<strong>Mainufer Bruchst\u00fcck<\/strong><br \/>\nFF-Einheit<br \/>\nEinsatz 55 &#8211; 2019<\/p>\n<p><img decoding=\"async\" class=\"alignright size-medium\" style=\"border: 4px solid #D8D8D8;\" src=\"https:\/\/live.staticflickr.com\/65535\/48196933876_0068cf68cd_n.jpg\" height=\"240\" \/>Nachdem schon die letzten Tage f\u00fcr die Kostheimer Feuerwehr \u00e4u\u00dferst arbeitsintensiv waren, weil teilweise Eins\u00e4tze \u00fcber mehrere Stunden gingen, waren die Kameradinnen und Kameraden nur wenige Stunden nach dem Brand in der Jakob-Schick-Stra\u00dfe erneut gefordert. In der Nacht auf Donnerstag, gegen 1:30 Uhr, heulten die Pager auf und man musste zusammen mit den Kollegen der Berufsfeuerwehr in Richtung des Mainvorlandes fahren, von wo aus ein gr\u00f6\u00dferes Feuer im Bereich des Hochwasserpolders gemeldet wurde.<\/p>\n<p><img decoding=\"async\" class=\"alignleft size-medium\" style=\"border: 4px solid #D8D8D8;\" src=\"https:\/\/live.staticflickr.com\/65535\/48196959226_84e7cae5dd_n.jpg\" height=\"240\" \/>W\u00e4hrend die Zufahrt in den angegebenen Bereich noch funktionierte, stellte sich den Einsatzkr\u00e4ften danach jedoch eine ganz besondere Herausforderung. Die Brandstelle war aus der Ferne zwar zu lokalisieren \u2013 eine weithin sichtbare Fackel in Form eines in Brand stehenden Baumes zeigte die \u00d6rtlichkeit \u2013 aber ein Herankommen war auf Anhieb nicht m\u00f6glich. Teilweise bis zu drei Meter hohe Brennnesselb\u00fcche verhinderten einen schnellen L\u00f6schangriff. Es nahm eine gewisse Zeit in Anspruch, um sich einen Weg zu bahnen.<\/p>\n<p><!--more-->Letztendlich verlegte man eine knapp 100 Meter lange Schlauchleitung durch dichtes Geh\u00f6lz und das Brennnesselfeld, um danach mit insgesamt drei Strahlrohren die L\u00f6scharbeiten direkt am Rand des Uferbereiches beginnen zu k\u00f6nnen. Das Feuer, dass sich neben dem weithin sichtbar gewesenen Baum auch schon etwa \u00fcber 300 Quadratmeter Unterholz erstreckte, konnte nach dem Aufbau der L\u00f6schwasserversorgung zwar zeitnah abgel\u00f6scht werden, die etwa 30 Meter hohe Pappel sorgte jedoch f\u00fcr weiteres Kopfzerbrechen.<\/p>\n<p><img decoding=\"async\" class=\"alignleft size-medium\" style=\"border: 4px solid #D8D8D8;\" src=\"https:\/\/live.staticflickr.com\/65535\/48196937906_0a19bb6220_n.jpg\" height=\"240\" \/>Der Baum &#8211; dessen Stammst\u00e4rke im unteren Bereich gut einen Meter betrug \u2013 brannte im Inneren wie ein Schwedenfeuer. Das Feuer hatte sich sogar schon in die Astausl\u00e4ufer nach oben hin ausgebreitet, aufgrund dessen man sich dazu entschied, die entsprechenden \u00c4ste abzus\u00e4gen. Auch ein benachbarter Baum musste kurzerhand teilweise gef\u00e4llt werden, da auch dieser im Laufe des Einsatzes Rauchzeichen gab, weil auch er in der Stammmitte brannte.<\/p>\n<p>Insgesamt dauerte der Einsatz bis 06:30 Uhr am Morgen. Die L\u00f6schwasserversorgung stellte man durch einen Pendelverkehr sicher.<\/p>\n<p>Eine anstrengende Nacht ging nach Sonnenaufgang zu Ende und viele der eingebundenen Kameraden steuerten nach einer kurzen Erfrischungsphase ihre Arbeitspl\u00e4tze an \u2013 in der Hoffnung auf einen ruhigeren Tagesverlauf.<\/p>\n<p>&nbsp;<\/p>\n<p>[FAGP id=5290]<\/p>\n","protected":false},"excerpt":{"rendered":"<p>04. Juli 2019 &#8211; 01:34 Uhr Mainufer Bruchst\u00fcck FF-Einheit Einsatz 55 &#8211; 2019 Nachdem schon die letzten Tage f\u00fcr die Kostheimer Feuerwehr \u00e4u\u00dferst arbeitsintensiv waren, weil teilweise Eins\u00e4tze \u00fcber mehrere Stunden gingen, waren die Kameradinnen und Kameraden nur wenige Stunden nach dem Brand in der Jakob-Schick-Stra\u00dfe erneut gefordert. In der Nacht auf Donnerstag, gegen 1:30 [&hellip;]<\/p>\n","protected":false},"author":1,"featured_media":0,"comment_status":"closed","ping_status":"open","sticky":false,"template":"","format":"standard","meta":{"_et_pb_use_builder":"","_et_pb_old_content":"","_et_gb_content_width":"","_crdt_document":"","footnotes":""},"categories":[5],"tags":[420,50,1244,391,31,716,143,692,1243,860],"class_list":["post-5291","post","type-post","status-publish","format-standard","hentry","category-einsatze","tag-baum","tag-brand","tag-brennnessel","tag-damm","tag-feuer","tag-kettensaege","tag-main","tag-mainufer","tag-pappel","tag-unterholz"],"_links":{"self":[{"href":"https:\/\/www.feuerwehrkostheim.de\/index.php?rest_route=\/wp\/v2\/posts\/5291","targetHints":{"allow":["GET"]}}],"collection":[{"href":"https:\/\/www.feuerwehrkostheim.de\/index.php?rest_route=\/wp\/v2\/posts"}],"about":[{"href":"https:\/\/www.feuerwehrkostheim.de\/index.php?rest_route=\/wp\/v2\/types\/post"}],"author":[{"embeddable":true,"href":"https:\/\/www.feuerwehrkostheim.de\/index.php?rest_route=\/wp\/v2\/users\/1"}],"replies":[{"embeddable":true,"href":"https:\/\/www.feuerwehrkostheim.de\/index.php?rest_route=%2Fwp%2Fv2%2Fcomments&post=5291"}],"version-history":[{"count":4,"href":"https:\/\/www.feuerwehrkostheim.de\/index.php?rest_route=\/wp\/v2\/posts\/5291\/revisions"}],"predecessor-version":[{"id":5297,"href":"https:\/\/www.feuerwehrkostheim.de\/index.php?rest_route=\/wp\/v2\/posts\/5291\/revisions\/5297"}],"wp:attachment":[{"href":"https:\/\/www.feuerwehrkostheim.de\/index.php?rest_route=%2Fwp%2Fv2%2Fmedia&parent=5291"}],"wp:term":[{"taxonomy":"category","embeddable":true,"href":"https:\/\/www.feuerwehrkostheim.de\/index.php?rest_route=%2Fwp%2Fv2%2Fcategories&post=5291"},{"taxonomy":"post_tag","embeddable":true,"href":"https:\/\/www.feuerwehrkostheim.de\/index.php?rest_route=%2Fwp%2Fv2%2Ftags&post=5291"}],"curies":[{"name":"wp","href":"https:\/\/api.w.org\/{rel}","templated":true}]}}