{"id":528,"date":"2011-10-17T22:22:43","date_gmt":"2011-10-17T22:22:43","guid":{"rendered":"http:\/\/www.feuerwehrkostheim.de\/ffk\/?p=528"},"modified":"2018-06-02T14:06:52","modified_gmt":"2018-06-02T13:06:52","slug":"terminhinweis-jahresabschlussubung-der-jf-in-der-wilhelm-leuschner-schule","status":"publish","type":"post","link":"https:\/\/www.feuerwehrkostheim.de\/?p=528","title":{"rendered":"[Terminhinweis:] Jahresabschluss\u00fcbung der JF in der Wilhelm-Leuschner-Schule"},"content":{"rendered":"<p><img decoding=\"async\" class=\"alignleft\" src=\"http:\/\/www.feuerwehrkostheim.de\/ffk\/wp-content\/bilder\/jf\/jf_logo.jpg\" alt=\"\" \/>Am kommenden<strong> Samstag, den 22. Oktober 2011<\/strong>,<strong> um 15:30 Uhr,<\/strong> veranstaltet die Kostheimer Jugendfeuerwehr zusammen mit den JF-Kameraden aus Kastel ihre diesj\u00e4hrige Abschluss\u00fcbung. Als \u00dcbungsobjekt haben sich die Betreuer dieses Mal die Wilhelm-Leuschner-Schule ausgesucht. Angenommen wird hierbei ein Brand in einem der Pavillions w\u00e4hrend der Nachmittagsbetreuung. Interessierte sind herzlich eingeladen, sich die \u00dcbung anzuschauen. Der Zugang zum Schulgel\u00e4nde ist aus Sicherheitsgr\u00fcnden aber ausschlie\u00dflich \u00fcber den hinteren Zugang &#8220;Im See&#8221;\/ &#8220;Im Sachsengraben&#8221; m\u00f6glich.<\/p>\n","protected":false},"excerpt":{"rendered":"<p>Am kommenden Samstag, den 22. Oktober 2011, um 15:30 Uhr, veranstaltet die Kostheimer Jugendfeuerwehr zusammen mit den JF-Kameraden aus Kastel ihre diesj\u00e4hrige Abschluss\u00fcbung. Als \u00dcbungsobjekt haben sich die Betreuer dieses Mal die Wilhelm-Leuschner-Schule ausgesucht. Angenommen wird hierbei ein Brand in einem der Pavillions w\u00e4hrend der Nachmittagsbetreuung. Interessierte sind herzlich eingeladen, sich die \u00dcbung anzuschauen. Der [&hellip;]<\/p>\n","protected":false},"author":1,"featured_media":0,"comment_status":"closed","ping_status":"open","sticky":false,"template":"","format":"standard","meta":{"_et_pb_use_builder":"","_et_pb_old_content":"","_et_gb_content_width":"","_crdt_document":"","footnotes":""},"categories":[7,9],"tags":[221,828,225],"class_list":["post-528","post","type-post","status-publish","format-standard","hentry","category-jugendfeuerwehr","category-veranstaltungen","tag-abschlussubung","tag-jugendfeuerwehr","tag-wls"],"_links":{"self":[{"href":"https:\/\/www.feuerwehrkostheim.de\/index.php?rest_route=\/wp\/v2\/posts\/528","targetHints":{"allow":["GET"]}}],"collection":[{"href":"https:\/\/www.feuerwehrkostheim.de\/index.php?rest_route=\/wp\/v2\/posts"}],"about":[{"href":"https:\/\/www.feuerwehrkostheim.de\/index.php?rest_route=\/wp\/v2\/types\/post"}],"author":[{"embeddable":true,"href":"https:\/\/www.feuerwehrkostheim.de\/index.php?rest_route=\/wp\/v2\/users\/1"}],"replies":[{"embeddable":true,"href":"https:\/\/www.feuerwehrkostheim.de\/index.php?rest_route=%2Fwp%2Fv2%2Fcomments&post=528"}],"version-history":[{"count":0,"href":"https:\/\/www.feuerwehrkostheim.de\/index.php?rest_route=\/wp\/v2\/posts\/528\/revisions"}],"wp:attachment":[{"href":"https:\/\/www.feuerwehrkostheim.de\/index.php?rest_route=%2Fwp%2Fv2%2Fmedia&parent=528"}],"wp:term":[{"taxonomy":"category","embeddable":true,"href":"https:\/\/www.feuerwehrkostheim.de\/index.php?rest_route=%2Fwp%2Fv2%2Fcategories&post=528"},{"taxonomy":"post_tag","embeddable":true,"href":"https:\/\/www.feuerwehrkostheim.de\/index.php?rest_route=%2Fwp%2Fv2%2Ftags&post=528"}],"curies":[{"name":"wp","href":"https:\/\/api.w.org\/{rel}","templated":true}]}}