{"id":5263,"date":"2019-06-30T10:55:26","date_gmt":"2019-06-30T09:55:26","guid":{"rendered":"https:\/\/www.feuerwehrkostheim.de\/?p=5263"},"modified":"2022-05-21T10:15:42","modified_gmt":"2022-05-21T08:15:42","slug":"kostheimer-feuerwehr-gratuliert-dem-mgv-kostheim-1844-zum-jubilaeum","status":"publish","type":"post","link":"https:\/\/www.feuerwehrkostheim.de\/?p=5263","title":{"rendered":"Kostheimer Feuerwehr gratuliert dem MGV Kostheim 1844 zum Jubil\u00e4um"},"content":{"rendered":"<p><em><img loading=\"lazy\" decoding=\"async\" class=\"alignright \" style=\"border: 4px solid #D8D8D8;\" src=\"https:\/\/live.staticflickr.com\/65535\/48158375671_29517d1515_n.jpg\" width=\"297\" height=\"223\" \/><\/em>F\u00fcr die Kostheimer Feuerwehr war es eine Ehre, sich an dem Jubil\u00e4umsfestzug des M\u00e4nner-Gesang-Verein Kostheim 1844, der in diesem Jahr sein 175-j\u00e4hrigen Bestehen feiert, teilzunehmen.<\/p>\n<p><img decoding=\"async\" class=\"alignleft size-medium\" style=\"border: 4px solid #D8D8D8;\" src=\"https:\/\/live.staticflickr.com\/65535\/48158452222_ef27df07d0_n.jpg\" height=\"240\" \/>Trotz der hei\u00dfen Temperaturen und der gestarteten Ferienzeit nahmen 26 Kameradinnen und Kameraden aller Abteilungen &#8211; von den Bambinis angefangen bis hin zur Ehren und Altersabteilung &#8211; an dem Umzug, der von der Siedlung zur\u00fcck in den alten Ortskern f\u00fchrte, teil.<\/p>\n<p>Beim sp\u00e4teren Start des &#8220;Abends der Vereine&#8221; trugen zwei Kameraden die Fahnen unserer Wehr beim Einmarsch des Jubilars auf die B\u00fchne des Kostheimer B\u00fcrgerhauses.<\/p>\n<p><em><strong>Seit vielen Jahren pflegt der \u201eAlte\u201c eine enge Beziehung zur Kostheimer Feuerwehr. <\/strong><strong>Es ist uns daher eine besondere Ehre, dem \u00e4ltesten Kostheimer Verein bei seinem 175. Jubil\u00e4um beizuwohnen.<\/strong><\/em><\/p>\n<p><em><strong>Wir w\u00fcnschen dem MGV Kostheim 1844 alles Gute und eine erfolgreiche Zukunft.<\/strong><\/em><\/p>\n<p><!--more--><\/p>\n<p>[FAGP id=5262]<\/p>\n","protected":false},"excerpt":{"rendered":"<p>F\u00fcr die Kostheimer Feuerwehr war es eine Ehre, sich an dem Jubil\u00e4umsfestzug des M\u00e4nner-Gesang-Verein Kostheim 1844, der in diesem Jahr sein 175-j\u00e4hrigen Bestehen feiert, teilzunehmen. Trotz der hei\u00dfen Temperaturen und der gestarteten Ferienzeit nahmen 26 Kameradinnen und Kameraden aller Abteilungen &#8211; von den Bambinis angefangen bis hin zur Ehren und Altersabteilung &#8211; an dem Umzug, [&hellip;]<\/p>\n","protected":false},"author":1,"featured_media":0,"comment_status":"closed","ping_status":"open","sticky":false,"template":"","format":"standard","meta":{"_et_pb_use_builder":"","_et_pb_old_content":"","_et_gb_content_width":"","_crdt_document":"","footnotes":""},"categories":[3,4,7,9],"tags":[1235,706,443,1234,189],"class_list":["post-5263","post","type-post","status-publish","format-standard","hentry","category-bambinifeuerwehr","category-einsatzabteilung","category-jugendfeuerwehr","category-veranstaltungen","tag-1235","tag-buergerhaus","tag-jubilaum","tag-mgv","tag-umzug"],"_links":{"self":[{"href":"https:\/\/www.feuerwehrkostheim.de\/index.php?rest_route=\/wp\/v2\/posts\/5263","targetHints":{"allow":["GET"]}}],"collection":[{"href":"https:\/\/www.feuerwehrkostheim.de\/index.php?rest_route=\/wp\/v2\/posts"}],"about":[{"href":"https:\/\/www.feuerwehrkostheim.de\/index.php?rest_route=\/wp\/v2\/types\/post"}],"author":[{"embeddable":true,"href":"https:\/\/www.feuerwehrkostheim.de\/index.php?rest_route=\/wp\/v2\/users\/1"}],"replies":[{"embeddable":true,"href":"https:\/\/www.feuerwehrkostheim.de\/index.php?rest_route=%2Fwp%2Fv2%2Fcomments&post=5263"}],"version-history":[{"count":3,"href":"https:\/\/www.feuerwehrkostheim.de\/index.php?rest_route=\/wp\/v2\/posts\/5263\/revisions"}],"predecessor-version":[{"id":6420,"href":"https:\/\/www.feuerwehrkostheim.de\/index.php?rest_route=\/wp\/v2\/posts\/5263\/revisions\/6420"}],"wp:attachment":[{"href":"https:\/\/www.feuerwehrkostheim.de\/index.php?rest_route=%2Fwp%2Fv2%2Fmedia&parent=5263"}],"wp:term":[{"taxonomy":"category","embeddable":true,"href":"https:\/\/www.feuerwehrkostheim.de\/index.php?rest_route=%2Fwp%2Fv2%2Fcategories&post=5263"},{"taxonomy":"post_tag","embeddable":true,"href":"https:\/\/www.feuerwehrkostheim.de\/index.php?rest_route=%2Fwp%2Fv2%2Ftags&post=5263"}],"curies":[{"name":"wp","href":"https:\/\/api.w.org\/{rel}","templated":true}]}}