{"id":5254,"date":"2019-06-29T10:12:33","date_gmt":"2019-06-29T09:12:33","guid":{"rendered":"https:\/\/www.feuerwehrkostheim.de\/?p=5254"},"modified":"2019-06-29T10:13:02","modified_gmt":"2019-06-29T09:13:02","slug":"gemeldeter-dachstuhlbrand-in-biebrich","status":"publish","type":"post","link":"https:\/\/www.feuerwehrkostheim.de\/?p=5254","title":{"rendered":"Gemeldeter Dachstuhlbrand in Biebrich"},"content":{"rendered":"<p><img loading=\"lazy\" decoding=\"async\" class=\"alignleft\" title=\"Einsatz-Logo\" src=\"https:\/\/www.feuerwehrkostheim.de\/wp-content\/bilder\/sonstige\/logo_einsatz.jpg\" alt=\"Einsatz-Logo\" width=\"100\" height=\"100\" \/><strong>28. Juni 2019 &#8211; 12:54 Uhr<\/strong><br \/>\n<strong>Rathausstra\u00dfe \/ Wi-Biebrich<\/strong><br \/>\nFF-Einheit (Wachbesetzung FW2)<br \/>\nEinsatz 51 &#8211; 2019<\/p>\n<p><img decoding=\"async\" class=\"alignright size-medium\" style=\"border: 4px solid #D8D8D8;\" src=\"https:\/\/live.staticflickr.com\/65535\/48150048536_ee041a2337_n.jpg\" height=\"240\" \/>W\u00e4hrend die ersten zwei Stunden der Wachbesetzung ruhig verliefen, schrillten um kurz vor 13 Uhr auf der Feuerwache in Kastel die Alarmglocken und die Kameraden der Kostheimer Wehr mussten zu einem gemeldeten Dachstuhlbrand im Ortsteil Biebrich ausr\u00fccken. Durch den parallelen Gro\u00dfeinsatz in Schierstein, r\u00fcckten neben der Ortsteilfeuerwehr Biebrich auch die Feuerwehr Breckenheim, die zur Wachbesetzung auf der Wache 3 stationiert war, auch die Berufsfeuerwehr von der Wache 1 in die Rathausstra\u00dfe aus.<\/p>\n<p><img decoding=\"async\" class=\"alignleft size-medium\" style=\"border: 4px solid #D8D8D8;\" src=\"https:\/\/live.staticflickr.com\/65535\/48150134012_029bac87e0_n.jpg\" height=\"240\" \/>Bei der ersten \u00dcberpr\u00fcfung vor Ort konnte zum Gl\u00fcck ein Dachstuhlbrand nicht best\u00e4tigt werden, es brannte aber in der Abzugsanlage eines Restaurants. Zu Beginn verschaffte man sich gewaltsam Zugang in eine Wohnung im Dachgeschoss, um mit einem Strahlrohr in den Bereich der Auslassstelle der Abzugsanlage zu kommen. Das Restaurant wurde stromlos geschaltet und der komplette Rohrleitungsverlauf kontrolliert. Durch die enorme thermische Beanspruchung der Leitung, entschied man sich, Teile der Dachdurchf\u00fchrung zu \u00f6ffnen, um sicher zu stellen, dass sich kein Feuer in der aus Holz bestehenden Konstruktion entfacht hatte.<\/p>\n<p><!--more-->Nach etwa zwei Stunden konnte der Einsatz, der bei sommerlich hei\u00dfen Temperaturen zu bestreiten war, beendet und die Verantwortung wieder an den Restaurantbetreiber \u00fcbergeben werden.<\/p>\n<p>[FAGP id=5253]<\/p>\n","protected":false},"excerpt":{"rendered":"<p>28. Juni 2019 &#8211; 12:54 Uhr Rathausstra\u00dfe \/ Wi-Biebrich FF-Einheit (Wachbesetzung FW2) Einsatz 51 &#8211; 2019 W\u00e4hrend die ersten zwei Stunden der Wachbesetzung ruhig verliefen, schrillten um kurz vor 13 Uhr auf der Feuerwache in Kastel die Alarmglocken und die Kameraden der Kostheimer Wehr mussten zu einem gemeldeten Dachstuhlbrand im Ortsteil Biebrich ausr\u00fccken. Durch den [&hellip;]<\/p>\n","protected":false},"author":1,"featured_media":0,"comment_status":"closed","ping_status":"open","sticky":false,"template":"","format":"standard","meta":{"_et_pb_use_builder":"","_et_pb_old_content":"","_et_gb_content_width":"","_crdt_document":"","footnotes":""},"categories":[5],"tags":[1232,410,50,527,304,31,1233,243],"class_list":["post-5254","post","type-post","status-publish","format-standard","hentry","category-einsatze","tag-abzugsanlage","tag-biebrich","tag-brand","tag-dach","tag-dachstuhlbrand","tag-feuer","tag-rathausstrasse","tag-wachbesetzung"],"_links":{"self":[{"href":"https:\/\/www.feuerwehrkostheim.de\/index.php?rest_route=\/wp\/v2\/posts\/5254","targetHints":{"allow":["GET"]}}],"collection":[{"href":"https:\/\/www.feuerwehrkostheim.de\/index.php?rest_route=\/wp\/v2\/posts"}],"about":[{"href":"https:\/\/www.feuerwehrkostheim.de\/index.php?rest_route=\/wp\/v2\/types\/post"}],"author":[{"embeddable":true,"href":"https:\/\/www.feuerwehrkostheim.de\/index.php?rest_route=\/wp\/v2\/users\/1"}],"replies":[{"embeddable":true,"href":"https:\/\/www.feuerwehrkostheim.de\/index.php?rest_route=%2Fwp%2Fv2%2Fcomments&post=5254"}],"version-history":[{"count":2,"href":"https:\/\/www.feuerwehrkostheim.de\/index.php?rest_route=\/wp\/v2\/posts\/5254\/revisions"}],"predecessor-version":[{"id":5257,"href":"https:\/\/www.feuerwehrkostheim.de\/index.php?rest_route=\/wp\/v2\/posts\/5254\/revisions\/5257"}],"wp:attachment":[{"href":"https:\/\/www.feuerwehrkostheim.de\/index.php?rest_route=%2Fwp%2Fv2%2Fmedia&parent=5254"}],"wp:term":[{"taxonomy":"category","embeddable":true,"href":"https:\/\/www.feuerwehrkostheim.de\/index.php?rest_route=%2Fwp%2Fv2%2Fcategories&post=5254"},{"taxonomy":"post_tag","embeddable":true,"href":"https:\/\/www.feuerwehrkostheim.de\/index.php?rest_route=%2Fwp%2Fv2%2Ftags&post=5254"}],"curies":[{"name":"wp","href":"https:\/\/api.w.org\/{rel}","templated":true}]}}