{"id":5250,"date":"2019-06-29T09:15:42","date_gmt":"2019-06-29T08:15:42","guid":{"rendered":"https:\/\/www.feuerwehrkostheim.de\/?p=5250"},"modified":"2019-06-30T10:03:58","modified_gmt":"2019-06-30T09:03:58","slug":"brand-einer-photovoltaikanlage-loest-wachbesetzung-mit-folgeeinsaetzen-aus","status":"publish","type":"post","link":"https:\/\/www.feuerwehrkostheim.de\/?p=5250","title":{"rendered":"Brand einer Photovoltaikanlage l\u00f6st Wachbesetzung mit Folgeeins\u00e4tzen aus"},"content":{"rendered":"<p><img loading=\"lazy\" decoding=\"async\" class=\"alignleft\" title=\"Einsatz-Logo\" src=\"https:\/\/www.feuerwehrkostheim.de\/wp-content\/bilder\/sonstige\/logo_einsatz.jpg\" alt=\"Einsatz-Logo\" width=\"100\" height=\"100\" \/><strong>28. Juni 2019 &#8211; 10:56 Uhr<\/strong><br \/>\n<strong>Feuerwache 2<\/strong><br \/>\nFF-Einheit \/ Alarmgruppe mit FF-Kastel<br \/>\nEinsatz 50 &#8211; 2019<\/p>\n<p>Am Freitagvormittag, als zur gleichen Zeit die Verabschiedungsfeier des amtierenden Feuerwehramtsleiters Harald M\u00fcller auf der Feuerwache 1 im Beginn war zu starten, kam es im Ortsteil Schierstein zu einem <a href=\"https:\/\/www.wiesbaden.de\/microsite\/feuerwehr\/einsaetze\/index.php?showpm=true&amp;pmurl=http:\/\/www.wiesbaden.de\/guiapplications\/newsdesk\/publications\/Landeshauptstadt_Wiesbaden\/141010100000360636.php\" target=\"_blank\" rel=\"noopener noreferrer\">gr\u00f6\u00dferen Brand auf dem Dach eines Gemeindezentrums<\/a>. Der dortige Gro\u00dfeinsatz sorgte daf\u00fcr, dass unter anderem die verwaiste Feuerwache 2 in Kastel durch Kr\u00e4fte der Freiwilligen Wehren aus Kostheim und Kastel f\u00fcr m\u00f6gliche Eins\u00e4tze besetzt werden musste.<\/p>\n<p>Im Zuge der Wachbesetzung, die bis 15:30 Uhr aufrechterhalten wurde, kam es insgesamt zu zwei weitern Eins\u00e4tzen. Nachdem die Kollegen aus Kastel gegen 12:45 Uhr zu einer \u00d6lspur am Paulusplatz entsendet wurden, musste kurze Zeit sp\u00e4ter die Kostheimer Wehr zu einem gemeldeten <a href=\"https:\/\/www.feuerwehrkostheim.de\/?p=5250\" target=\"_blank\" rel=\"noopener noreferrer\">Dachstuhlbrand in Biebrich<\/a> ausr\u00fccken. Der Einsatz hier ging \u00fcber das Ende der eigentlichen Wachbesetzung hinaus und konnte erst gegen 16:30 Uhr abgeschlossen werden.<\/p>\n<p>Seitens der Kostheimer Feuerwehr stand zu Beginn der Wachbesetzung eine L\u00f6schfahrzeugbesatzung und das Mannschaftstransportfahrzeug zur Verf\u00fcgung, im weiteren Verlauf konnte durch nachr\u00fcckendes Personal auch noch das zweite L\u00f6schfahrzeug besetzt und in die Wachbesetzung eingebunden werden.<\/p>\n","protected":false},"excerpt":{"rendered":"<p>28. Juni 2019 &#8211; 10:56 Uhr Feuerwache 2 FF-Einheit \/ Alarmgruppe mit FF-Kastel Einsatz 50 &#8211; 2019 Am Freitagvormittag, als zur gleichen Zeit die Verabschiedungsfeier des amtierenden Feuerwehramtsleiters Harald M\u00fcller auf der Feuerwache 1 im Beginn war zu starten, kam es im Ortsteil Schierstein zu einem gr\u00f6\u00dferen Brand auf dem Dach eines Gemeindezentrums. Der dortige [&hellip;]<\/p>\n","protected":false},"author":1,"featured_media":0,"comment_status":"closed","ping_status":"open","sticky":false,"template":"","format":"standard","meta":{"_et_pb_use_builder":"","_et_pb_old_content":"","_et_gb_content_width":"","_crdt_document":"","footnotes":""},"categories":[5],"tags":[110,242,1231,243],"class_list":["post-5250","post","type-post","status-publish","format-standard","hentry","category-einsatze","tag-alarmgruppe","tag-feuerwache-2","tag-folgeeinsaetze","tag-wachbesetzung"],"_links":{"self":[{"href":"https:\/\/www.feuerwehrkostheim.de\/index.php?rest_route=\/wp\/v2\/posts\/5250","targetHints":{"allow":["GET"]}}],"collection":[{"href":"https:\/\/www.feuerwehrkostheim.de\/index.php?rest_route=\/wp\/v2\/posts"}],"about":[{"href":"https:\/\/www.feuerwehrkostheim.de\/index.php?rest_route=\/wp\/v2\/types\/post"}],"author":[{"embeddable":true,"href":"https:\/\/www.feuerwehrkostheim.de\/index.php?rest_route=\/wp\/v2\/users\/1"}],"replies":[{"embeddable":true,"href":"https:\/\/www.feuerwehrkostheim.de\/index.php?rest_route=%2Fwp%2Fv2%2Fcomments&post=5250"}],"version-history":[{"count":5,"href":"https:\/\/www.feuerwehrkostheim.de\/index.php?rest_route=\/wp\/v2\/posts\/5250\/revisions"}],"predecessor-version":[{"id":5261,"href":"https:\/\/www.feuerwehrkostheim.de\/index.php?rest_route=\/wp\/v2\/posts\/5250\/revisions\/5261"}],"wp:attachment":[{"href":"https:\/\/www.feuerwehrkostheim.de\/index.php?rest_route=%2Fwp%2Fv2%2Fmedia&parent=5250"}],"wp:term":[{"taxonomy":"category","embeddable":true,"href":"https:\/\/www.feuerwehrkostheim.de\/index.php?rest_route=%2Fwp%2Fv2%2Fcategories&post=5250"},{"taxonomy":"post_tag","embeddable":true,"href":"https:\/\/www.feuerwehrkostheim.de\/index.php?rest_route=%2Fwp%2Fv2%2Ftags&post=5250"}],"curies":[{"name":"wp","href":"https:\/\/api.w.org\/{rel}","templated":true}]}}