{"id":5248,"date":"2019-06-27T18:32:48","date_gmt":"2019-06-27T17:32:48","guid":{"rendered":"https:\/\/www.feuerwehrkostheim.de\/?p=5248"},"modified":"2019-07-08T08:41:28","modified_gmt":"2019-07-08T07:41:28","slug":"verkehrsunfall-fordert-todesopfer-und-drei-schwerverletzte","status":"publish","type":"post","link":"https:\/\/www.feuerwehrkostheim.de\/?p=5248","title":{"rendered":"Verkehrsunfall fordert Todesopfer und drei Schwerverletzte"},"content":{"rendered":"<p><img loading=\"lazy\" decoding=\"async\" class=\"alignleft\" title=\"Einsatz-Logo\" src=\"https:\/\/www.feuerwehrkostheim.de\/wp-content\/bilder\/sonstige\/logo_einsatz.jpg\" alt=\"Einsatz-Logo\" width=\"100\" height=\"100\" \/><strong>27. Juni 2019 &#8211; 03:32 Uhr<\/strong><br \/>\n<strong>A671 &#8211; Richtung Wiesbaden kurz vor Am\u00f6neburg<\/strong><br \/>\nFF-Einheit \/ Alarmgruppe mit FF-Kastel<br \/>\nEinsatz 49 &#8211; 2019<\/p>\n<p><img decoding=\"async\" class=\"alignright size-medium\" style=\"border: 4px solid #D8D8D8;\" src=\"https:\/\/live.staticflickr.com\/65535\/48138881623_59e16411fb_n.jpg\" height=\"240\" \/>Nur etwas mehr als drei Stunden nach Ende des letzten Einsatzes wurden die Pager der Kostheimer Feuerwehr erneut ausgel\u00f6st. Einsatzgrund war dieses Mal ein gemeldeter Verkehrsunfall auf der A671 in Richtung Wiesbaden, kurz vor der Ausfahrt Am\u00f6neburg. Der Zusatz, dass ein verunfalltes Fahrzeug in Brand geraten war, sch\u00e4rfte zus\u00e4tzlich die Gedanken der auf der Anfahrt befindlichen Einsatzkr\u00e4fte. Vor Ort angekommen bot sich den Einsatzkr\u00e4ften ein Bild der Verw\u00fcstung. Zwei verunfallte Fahrzeuge lagen aneinander gekeilt im Graben, ein Fahrzeug davon war im Bereich des Motorraumes in Brand geraten, im anderen PKW waren zwei Personen massiv eingeklemmt. Wenige Meter weiter standen noch einmal 3 verunfallte Fahrzeuge auf dem rechten Fahrbahnbereich.<\/p>\n<p><img loading=\"lazy\" decoding=\"async\" class=\"alignleft \" style=\"border: 4px solid #D8D8D8;\" src=\"https:\/\/live.staticflickr.com\/65535\/48138948317_9dd80c0cf5_n.jpg\" width=\"275\" height=\"206\" \/>Umgehend begann man mit den L\u00f6schma\u00dfnahmen w\u00e4hrend parallel hierzu die Sichtung der am Unfall beteiligten Personen startete. Mittels schwerem Ger\u00e4t konnte sich ein Zugang zu den zwei eingeklemmten Personen verschaffen. Ein Fahrzeuginsasse wurde dem Rettungsdienst schwer verletzt \u00fcbergeben, f\u00fcr eine weitere Person, die sich im gleichen Auto befand, kam jede Hilfe zu sp\u00e4t. Sie verstarb noch an der Unfallstelle.<\/p>\n<p><!--more--><\/p>\n<p><img decoding=\"async\" class=\"alignright size-medium\" style=\"border: 4px solid #D8D8D8;\" src=\"https:\/\/live.staticflickr.com\/65535\/48138945227_5bc51b393c_n.jpg\" height=\"320\" \/>Insgesamt mussten drei Unfallbeteiligte mit schweren Verletzungen in die umliegenden Krankenh\u00e4user transportiert werden. Das L\u00f6schfahrzeug der Kostheimer Wehr konnte nach zwei Stunden von Unfallstelle abr\u00fccken. Neben den Kr\u00e4ften der Berufsfeuerwehr waren noch die Kollegen aus Kastel mit einem L\u00f6schfahrzeug sowie der Rettungsdienst mit dem Leitenden Notarzt, dem organisatorischen Leiter Rettungsdienst sowie mehreren Rettungswagen eingebunden. Die A671 war in Richtung Wiesbaden ab der Anschlussstelle Kastel bis in den Vormittag hinein voll gesperrt. Zur Ermittlung der Unfallursache zog die Polizei einen Sachverst\u00e4ndigen hinzu. Mittels eines Hubschraubers der Polizei wurden Luftaufnahmen der Unfallstelle aufgenommen. W\u00e4hrend des Einsatzes stellte sich heraus, dass es sich bei zwei der drei etwas weiter verunfallten Fahrzeugen um Ersthelfer handelte. Der Fahrer eines weiteren Fahrzeuges hatte diese wohl zu sp\u00e4t bemerkt und krachte in diese hinein.<\/p>\n<p>[FAGP id=5247]<\/p>\n","protected":false},"excerpt":{"rendered":"<p>27. Juni 2019 &#8211; 03:32 Uhr A671 &#8211; Richtung Wiesbaden kurz vor Am\u00f6neburg FF-Einheit \/ Alarmgruppe mit FF-Kastel Einsatz 49 &#8211; 2019 Nur etwas mehr als drei Stunden nach Ende des letzten Einsatzes wurden die Pager der Kostheimer Feuerwehr erneut ausgel\u00f6st. Einsatzgrund war dieses Mal ein gemeldeter Verkehrsunfall auf der A671 in Richtung Wiesbaden, kurz [&hellip;]<\/p>\n","protected":false},"author":1,"featured_media":0,"comment_status":"closed","ping_status":"open","sticky":false,"template":"","format":"standard","meta":{"_et_pb_use_builder":"","_et_pb_old_content":"","_et_gb_content_width":"","_crdt_document":"","footnotes":""},"categories":[5],"tags":[1095,834,496,31,163,1230,354,71,386],"class_list":["post-5248","post","type-post","status-publish","format-standard","hentry","category-einsatze","tag-abfahrt","tag-amoeneburg","tag-autobahn","tag-feuer","tag-pkw-brand","tag-schwerverletzt","tag-schwerverletzte","tag-verkehrsunfall","tag-verstorben"],"_links":{"self":[{"href":"https:\/\/www.feuerwehrkostheim.de\/index.php?rest_route=\/wp\/v2\/posts\/5248","targetHints":{"allow":["GET"]}}],"collection":[{"href":"https:\/\/www.feuerwehrkostheim.de\/index.php?rest_route=\/wp\/v2\/posts"}],"about":[{"href":"https:\/\/www.feuerwehrkostheim.de\/index.php?rest_route=\/wp\/v2\/types\/post"}],"author":[{"embeddable":true,"href":"https:\/\/www.feuerwehrkostheim.de\/index.php?rest_route=\/wp\/v2\/users\/1"}],"replies":[{"embeddable":true,"href":"https:\/\/www.feuerwehrkostheim.de\/index.php?rest_route=%2Fwp%2Fv2%2Fcomments&post=5248"}],"version-history":[{"count":2,"href":"https:\/\/www.feuerwehrkostheim.de\/index.php?rest_route=\/wp\/v2\/posts\/5248\/revisions"}],"predecessor-version":[{"id":5314,"href":"https:\/\/www.feuerwehrkostheim.de\/index.php?rest_route=\/wp\/v2\/posts\/5248\/revisions\/5314"}],"wp:attachment":[{"href":"https:\/\/www.feuerwehrkostheim.de\/index.php?rest_route=%2Fwp%2Fv2%2Fmedia&parent=5248"}],"wp:term":[{"taxonomy":"category","embeddable":true,"href":"https:\/\/www.feuerwehrkostheim.de\/index.php?rest_route=%2Fwp%2Fv2%2Fcategories&post=5248"},{"taxonomy":"post_tag","embeddable":true,"href":"https:\/\/www.feuerwehrkostheim.de\/index.php?rest_route=%2Fwp%2Fv2%2Ftags&post=5248"}],"curies":[{"name":"wp","href":"https:\/\/api.w.org\/{rel}","templated":true}]}}