{"id":5240,"date":"2019-06-26T12:53:54","date_gmt":"2019-06-26T11:53:54","guid":{"rendered":"https:\/\/www.feuerwehrkostheim.de\/?p=5240"},"modified":"2019-06-26T12:53:54","modified_gmt":"2019-06-26T11:53:54","slug":"besetzung-der-feuerwache-2-in-kastel","status":"publish","type":"post","link":"https:\/\/www.feuerwehrkostheim.de\/?p=5240","title":{"rendered":"Besetzung der Feuerwache 2 in Kastel"},"content":{"rendered":"<p><img loading=\"lazy\" decoding=\"async\" class=\"alignleft\" title=\"Einsatz-Logo\" src=\"https:\/\/www.feuerwehrkostheim.de\/wp-content\/bilder\/sonstige\/logo_einsatz.jpg\" alt=\"Einsatz-Logo\" width=\"100\" height=\"100\" \/><strong>25. Juni 2019 &#8211; 21:13 Uhr<\/strong><br \/>\n<strong>Feuerwache 2<\/strong><br \/>\nFF-Einheit \/ Alarmgruppe mit FF-Kastel<br \/>\nEinsatz 47 &#8211; 2019<\/p>\n<p><span title=\"Bearbeitet\"><a href=\"https:\/\/www.feuerwehrkostheim.de\/wp-content\/uploads\/2019\/06\/2019-06-25_Wachbesetzung-FW-2.jpg\"><img decoding=\"async\" class=\"alignright size-medium wp-image-5241\" style=\"border: 4px solid #D8D8D8;\" src=\"https:\/\/www.feuerwehrkostheim.de\/wp-content\/uploads\/2019\/06\/2019-06-25_Wachbesetzung-FW-2-300x225.jpg\" alt=\"\" height=\"225\" srcset=\"https:\/\/www.feuerwehrkostheim.de\/wp-content\/uploads\/2019\/06\/2019-06-25_Wachbesetzung-FW-2-300x225.jpg 300w, https:\/\/www.feuerwehrkostheim.de\/wp-content\/uploads\/2019\/06\/2019-06-25_Wachbesetzung-FW-2-768x576.jpg 768w, https:\/\/www.feuerwehrkostheim.de\/wp-content\/uploads\/2019\/06\/2019-06-25_Wachbesetzung-FW-2-1024x768.jpg 1024w, https:\/\/www.feuerwehrkostheim.de\/wp-content\/uploads\/2019\/06\/2019-06-25_Wachbesetzung-FW-2.jpg 2000w\" sizes=\"(max-width: 300px) 100vw, 300px\" \/><\/a>Wegen eines technischen Defektes an einem gasbetriebenen Fahrzeugs in Breckenheim, bei dem unter anderem Kr\u00e4fte der Wache 2 \u00fcber einen l\u00e4ngeren Zeitraum eingebunden waren, wurde die Feuerwehr Kostheim gemeinsam mit den Kollegen aus Kastel zur Wachbesetzung alarmiert. Damit sollte sichergestellt werden, dass bei weiteres Ereignissen der Grundschutz im S\u00fcdwesten der Stadt gew\u00e4hrleistet ist<br \/>\nW\u00e4hrend des knapp dreist\u00fcndigen Aufenthalts auf der ansonsten verwaisten Wache blieb es gl\u00fccklicherweise Weise ruhig und man musste zu keinem Einsatz ausr\u00fccken. <\/span><\/p>\n","protected":false},"excerpt":{"rendered":"<p>25. Juni 2019 &#8211; 21:13 Uhr Feuerwache 2 FF-Einheit \/ Alarmgruppe mit FF-Kastel Einsatz 47 &#8211; 2019 Wegen eines technischen Defektes an einem gasbetriebenen Fahrzeugs in Breckenheim, bei dem unter anderem Kr\u00e4fte der Wache 2 \u00fcber einen l\u00e4ngeren Zeitraum eingebunden waren, wurde die Feuerwehr Kostheim gemeinsam mit den Kollegen aus Kastel zur Wachbesetzung alarmiert. Damit [&hellip;]<\/p>\n","protected":false},"author":1,"featured_media":0,"comment_status":"closed","ping_status":"open","sticky":false,"template":"","format":"standard","meta":{"_et_pb_use_builder":"","_et_pb_old_content":"","_et_gb_content_width":"","_crdt_document":"","footnotes":""},"categories":[5],"tags":[1227,1172,242,1226,1228,422,243],"class_list":["post-5240","post","type-post","status-publish","format-standard","hentry","category-einsatze","tag-breckenheim","tag-defekt","tag-feuerwache-2","tag-gas","tag-gasaustritt","tag-pkw","tag-wachbesetzung"],"_links":{"self":[{"href":"https:\/\/www.feuerwehrkostheim.de\/index.php?rest_route=\/wp\/v2\/posts\/5240","targetHints":{"allow":["GET"]}}],"collection":[{"href":"https:\/\/www.feuerwehrkostheim.de\/index.php?rest_route=\/wp\/v2\/posts"}],"about":[{"href":"https:\/\/www.feuerwehrkostheim.de\/index.php?rest_route=\/wp\/v2\/types\/post"}],"author":[{"embeddable":true,"href":"https:\/\/www.feuerwehrkostheim.de\/index.php?rest_route=\/wp\/v2\/users\/1"}],"replies":[{"embeddable":true,"href":"https:\/\/www.feuerwehrkostheim.de\/index.php?rest_route=%2Fwp%2Fv2%2Fcomments&post=5240"}],"version-history":[{"count":1,"href":"https:\/\/www.feuerwehrkostheim.de\/index.php?rest_route=\/wp\/v2\/posts\/5240\/revisions"}],"predecessor-version":[{"id":5242,"href":"https:\/\/www.feuerwehrkostheim.de\/index.php?rest_route=\/wp\/v2\/posts\/5240\/revisions\/5242"}],"wp:attachment":[{"href":"https:\/\/www.feuerwehrkostheim.de\/index.php?rest_route=%2Fwp%2Fv2%2Fmedia&parent=5240"}],"wp:term":[{"taxonomy":"category","embeddable":true,"href":"https:\/\/www.feuerwehrkostheim.de\/index.php?rest_route=%2Fwp%2Fv2%2Fcategories&post=5240"},{"taxonomy":"post_tag","embeddable":true,"href":"https:\/\/www.feuerwehrkostheim.de\/index.php?rest_route=%2Fwp%2Fv2%2Ftags&post=5240"}],"curies":[{"name":"wp","href":"https:\/\/api.w.org\/{rel}","templated":true}]}}