{"id":524,"date":"2011-10-23T17:17:43","date_gmt":"2011-10-23T17:17:43","guid":{"rendered":"http:\/\/www.feuerwehrkostheim.de\/ffk\/?p=524"},"modified":"2018-06-02T14:06:52","modified_gmt":"2018-06-02T13:06:52","slug":"feuer-in-der-wilhelm-leuschner-schule-jugendfeuerwehren-aus-kostheim-und-kastel-uben-gemeinsam","status":"publish","type":"post","link":"https:\/\/www.feuerwehrkostheim.de\/?p=524","title":{"rendered":"Feuer in der Wilhelm-Leuschner-Schule &#8211; Jugendfeuerwehren aus Kostheim und Kastel \u00fcben gemeinsam"},"content":{"rendered":"<p><a title=\"Abschluss\u00fcbung WLS - 22.10.11 von FF-Kostheim bei Flickr\" href=\"http:\/\/www.flickr.com\/photos\/ffkostheim\/sets\/72157627976864702\/\" target=\"_blank\"><img loading=\"lazy\" decoding=\"async\" class=\"alignleft\" src=\"http:\/\/farm7.static.flickr.com\/6060\/6280250211_f84ec9d950_m.jpg\" alt=\"Abschluss\u00fcbung WLS - 22.10.11\" width=\"160\" height=\"240\" \/><\/a> W\u00e4hrend der Nachmittagsbetreuung bricht ein Brand in einem der Pavillons der Wilhelm-Leuschner-Schule aus. Nicht alle Sch\u00fcler k\u00f6nnen sich rechtzeitig ins Freie retten und sind somit im Geb\u00e4ude eingeschlossen und vom Feuer bedroht. Zum Gl\u00fcck handelte es sich hierbei nicht um ein reelles Ereignis, vielmehr stellte sich so das Szenario dar, dass anl\u00e4sslich der Jahresabschluss\u00fcbung der Jugendfeuerwehren Kostheim und Kastel angenommen wurde.<!--more--><\/p>\n<p><a title=\"Abschluss\u00fcbung WLS - 22.10.11 von FF-Kostheim bei Flickr\" href=\"http:\/\/www.flickr.com\/photos\/ffkostheim\/sets\/72157627976864702\/\" target=\"_blank\"><img loading=\"lazy\" decoding=\"async\" class=\"alignright\" src=\"http:\/\/farm7.static.flickr.com\/6212\/6280771034_2c174b0e9c_m.jpg\" alt=\"Abschluss\u00fcbung WLS - 22.10.11\" width=\"240\" height=\"160\" \/><\/a> Beim Eintreffen der ersten beiden L\u00f6schfahrzeuge waren schon alle Klassenr\u00e4ume sowie der Flur im betroffenen Pavillon verraucht. Unverz\u00fcglich wurden zwei Trupps, die mit Atemschutzattrappen und je einem Strahlrohr ausger\u00fcstet waren, ins Geb\u00e4udeinnere beordert. Es musste davon ausgegangen werden, dass sich noch mindestens vier Sch\u00fcler im gef\u00e4hrdeten Bereich befanden. Parallel zur Personensuche im Geb\u00e4udeinneren, betraute man die Besatzung des dritten eingetroffenen L\u00f6schfahrzeuges mit dem Aufbau der Wasserversorgung. Noch bevor der erste Sch\u00fcler aus dem Pavillon gebracht wurde, bauten zwei weitere Trupps einen \u00e4u\u00dferen L\u00f6schangriff auf.<br \/>\n<a title=\"Abschluss\u00fcbung WLS - 22.10.11 von FF-Kostheim bei Flickr\" href=\"http:\/\/www.flickr.com\/photos\/ffkostheim\/sets\/72157627976864702\/\" target=\"_blank\"><img loading=\"lazy\" decoding=\"async\" class=\"alignright\" src=\"http:\/\/farm7.static.flickr.com\/6091\/6280252277_3580bd2397_m.jpg\" alt=\"Abschluss\u00fcbung WLS - 22.10.11\" width=\"240\" height=\"160\" \/><\/a> Durch die systematische Absuche der verrauchten G\u00e4nge und R\u00e4ume konnten schnell die vermissten Sch\u00fcler aufgefunden werden. Sie wurden \u00fcber den verrauchten Flur und \u00fcber die Fenster der Klassenr\u00e4ume ins Freie gebracht. Dort wurden Sie von bereitstehenden Kr\u00e4ften entgegen genommen, zu einer provisorisch eingerichteten Verletztensammelstelle gebracht und dort weiter betreut. Nachdem das vermeintliche Feuer gel\u00f6scht war, wurde zur Bel\u00fcftung des Pavillons noch ein Be- und Entl\u00fcftungsger\u00e4t in Stellung gebracht um die R\u00e4ume rauchfrei zu bekommen. Etwa eine Stunde nach \u00dcbungsbeginn, konnte mit dem Zusammenr\u00e4umen der Ger\u00e4tschaften begonnen werden. Im Anschluss an den praktischen \u00dcbungsteil versammelte man sich im Jugendfeuerwehrraum der Kameraden aus Kastel um eine kleine St\u00e4rkung zu sich zu nehmen.<\/p>\n<p><a title=\"Abschluss\u00fcbung WLS - 22.10.11 von FF-Kostheim bei Flickr\" href=\"http:\/\/www.flickr.com\/photos\/ffkostheim\/sets\/72157627976864702\/\" target=\"_blank\"><img loading=\"lazy\" decoding=\"async\" class=\"alignleft\" src=\"http:\/\/farm7.static.flickr.com\/6048\/6280255549_08536b093e_m.jpg\" alt=\"Abschluss\u00fcbung WLS - 22.10.11\" width=\"240\" height=\"160\" \/><\/a> Das Fazit der Jugendwarte aus Kostheim und Kastel fiel \u00e4u\u00dferst positiv aus. Bei der erstmals in diesem Umfang ausgetragenen Jahresabschluss\u00fcbung, wurden alle an die Jugendlichen gestellten Anforderungen zur Zufriedenheit ihrer Ausbilder abgearbeitet. Der Ausbildungsstand zeigt, dass auch problemlos verschiedene Jugendfeuerwehren gemeinsam eine angenommen Schadenslage abarbeiten k\u00f6nnen. F\u00fcr die Zukunft sind weitere \u00dcbungen dieser Art angedacht. Dabei soll nicht nur die Zusammenarbeit sondern auch die Kameradschaft untereinander gef\u00f6rdert werden.<\/p>\n","protected":false},"excerpt":{"rendered":"<p>W\u00e4hrend der Nachmittagsbetreuung bricht ein Brand in einem der Pavillons der Wilhelm-Leuschner-Schule aus. Nicht alle Sch\u00fcler k\u00f6nnen sich rechtzeitig ins Freie retten und sind somit im Geb\u00e4ude eingeschlossen und vom Feuer bedroht. Zum Gl\u00fcck handelte es sich hierbei nicht um ein reelles Ereignis, vielmehr stellte sich so das Szenario dar, dass anl\u00e4sslich der Jahresabschluss\u00fcbung der [&hellip;]<\/p>\n","protected":false},"author":1,"featured_media":0,"comment_status":"closed","ping_status":"open","sticky":false,"template":"","format":"standard","meta":{"_et_pb_use_builder":"","_et_pb_old_content":"","_et_gb_content_width":"","_crdt_document":"","footnotes":""},"categories":[7,9],"tags":[221,31,828,222,223,224,225],"class_list":["post-524","post","type-post","status-publish","format-standard","hentry","category-jugendfeuerwehr","category-veranstaltungen","tag-abschlussubung","tag-feuer","tag-jugendfeuerwehr","tag-kastel","tag-kostheim","tag-pavillon","tag-wls"],"_links":{"self":[{"href":"https:\/\/www.feuerwehrkostheim.de\/index.php?rest_route=\/wp\/v2\/posts\/524","targetHints":{"allow":["GET"]}}],"collection":[{"href":"https:\/\/www.feuerwehrkostheim.de\/index.php?rest_route=\/wp\/v2\/posts"}],"about":[{"href":"https:\/\/www.feuerwehrkostheim.de\/index.php?rest_route=\/wp\/v2\/types\/post"}],"author":[{"embeddable":true,"href":"https:\/\/www.feuerwehrkostheim.de\/index.php?rest_route=\/wp\/v2\/users\/1"}],"replies":[{"embeddable":true,"href":"https:\/\/www.feuerwehrkostheim.de\/index.php?rest_route=%2Fwp%2Fv2%2Fcomments&post=524"}],"version-history":[{"count":0,"href":"https:\/\/www.feuerwehrkostheim.de\/index.php?rest_route=\/wp\/v2\/posts\/524\/revisions"}],"wp:attachment":[{"href":"https:\/\/www.feuerwehrkostheim.de\/index.php?rest_route=%2Fwp%2Fv2%2Fmedia&parent=524"}],"wp:term":[{"taxonomy":"category","embeddable":true,"href":"https:\/\/www.feuerwehrkostheim.de\/index.php?rest_route=%2Fwp%2Fv2%2Fcategories&post=524"},{"taxonomy":"post_tag","embeddable":true,"href":"https:\/\/www.feuerwehrkostheim.de\/index.php?rest_route=%2Fwp%2Fv2%2Ftags&post=524"}],"curies":[{"name":"wp","href":"https:\/\/api.w.org\/{rel}","templated":true}]}}