{"id":5236,"date":"2019-06-22T19:15:57","date_gmt":"2019-06-22T18:15:57","guid":{"rendered":"https:\/\/www.feuerwehrkostheim.de\/?p=5236"},"modified":"2019-06-22T19:15:57","modified_gmt":"2019-06-22T18:15:57","slug":"pkw-brand-auf-der-autobahn-entpuppt-sich-als-panne","status":"publish","type":"post","link":"https:\/\/www.feuerwehrkostheim.de\/?p=5236","title":{"rendered":"PKW-Brand auf der Autobahn entpuppt sich als Panne"},"content":{"rendered":"<p><img loading=\"lazy\" decoding=\"async\" class=\"alignleft\" title=\"Einsatz-Logo\" src=\"https:\/\/www.feuerwehrkostheim.de\/wp-content\/bilder\/sonstige\/logo_einsatz.jpg\" alt=\"Einsatz-Logo\" width=\"100\" height=\"100\" \/><strong>22. Juni 2019 &#8211; 16:06 Uhr<\/strong><br \/>\n<strong>BAB 671 &#8211; kurz vor Abfahrt Erbenheim<\/strong><br \/>\nFF-Einheit \/ Alarmgruppe mit FF-Kastel<br \/>\nEinsatz 46 &#8211; 2019<\/p>\n<p><a href=\"https:\/\/www.feuerwehrkostheim.de\/wp-content\/uploads\/2019\/06\/2019-06-22_BAB671.jpg\"><img decoding=\"async\" class=\"alignright wp-image-5235 size-medium\" style=\"border: 4px solid #D8D8D8;\" src=\"https:\/\/www.feuerwehrkostheim.de\/wp-content\/uploads\/2019\/06\/2019-06-22_BAB671-300x225.jpg\" alt=\"\" height=\"225\" srcset=\"https:\/\/www.feuerwehrkostheim.de\/wp-content\/uploads\/2019\/06\/2019-06-22_BAB671-300x225.jpg 300w, https:\/\/www.feuerwehrkostheim.de\/wp-content\/uploads\/2019\/06\/2019-06-22_BAB671-768x576.jpg 768w, https:\/\/www.feuerwehrkostheim.de\/wp-content\/uploads\/2019\/06\/2019-06-22_BAB671-1024x768.jpg 1024w\" sizes=\"(max-width: 300px) 100vw, 300px\" \/><\/a> Aufgrund eines m\u00f6glichen PKW-Brandes wurden am Samstagmittag die Wehren Kostheim sowie Kastel als Alarmgruppe und Einheiten der Berufsfeuerwehr auf die BAB671 alarmiert. Zwischen der Anschlussstelle Hochheim Nord und der Abfahrt Erbenheim war das vermeintliche Fahrzeug gemeldet. Nachdem die ersten Kr\u00e4fte eingetroffen waren, konnte gemeldet werden, dass scheinbar ein technischer Defekt f\u00fcr eine kurzzeitige Rauchentwicklung verantwortlich war. Da ansonsten kein Feuer oder \u00e4hnliche Gefahren festgestellt werden konnten, sicherte man bis zum Eintreffen der Polizei die Einsatzstelle ab und r\u00fcckte danach wieder ein. Der Gro\u00dfteil der noch auf der Anfahrt befindlichen Kr\u00e4fte konnten zudem ihre Einsatzfahrt vorzeitig abbrechen.<\/p>\n","protected":false},"excerpt":{"rendered":"<p>22. Juni 2019 &#8211; 16:06 Uhr BAB 671 &#8211; kurz vor Abfahrt Erbenheim FF-Einheit \/ Alarmgruppe mit FF-Kastel Einsatz 46 &#8211; 2019 Aufgrund eines m\u00f6glichen PKW-Brandes wurden am Samstagmittag die Wehren Kostheim sowie Kastel als Alarmgruppe und Einheiten der Berufsfeuerwehr auf die BAB671 alarmiert. Zwischen der Anschlussstelle Hochheim Nord und der Abfahrt Erbenheim war das [&hellip;]<\/p>\n","protected":false},"author":1,"featured_media":0,"comment_status":"closed","ping_status":"open","sticky":false,"template":"","format":"standard","meta":{"_et_pb_use_builder":"","_et_pb_old_content":"","_et_gb_content_width":"","_crdt_document":"","footnotes":""},"categories":[5],"tags":[1034,110,496,1033,112,1225,1116],"class_list":["post-5236","post","type-post","status-publish","format-standard","hentry","category-einsatze","tag-1034","tag-alarmgruppe","tag-autobahn","tag-bab","tag-brandverdacht","tag-panne","tag-pannenfahrzeug"],"_links":{"self":[{"href":"https:\/\/www.feuerwehrkostheim.de\/index.php?rest_route=\/wp\/v2\/posts\/5236","targetHints":{"allow":["GET"]}}],"collection":[{"href":"https:\/\/www.feuerwehrkostheim.de\/index.php?rest_route=\/wp\/v2\/posts"}],"about":[{"href":"https:\/\/www.feuerwehrkostheim.de\/index.php?rest_route=\/wp\/v2\/types\/post"}],"author":[{"embeddable":true,"href":"https:\/\/www.feuerwehrkostheim.de\/index.php?rest_route=\/wp\/v2\/users\/1"}],"replies":[{"embeddable":true,"href":"https:\/\/www.feuerwehrkostheim.de\/index.php?rest_route=%2Fwp%2Fv2%2Fcomments&post=5236"}],"version-history":[{"count":1,"href":"https:\/\/www.feuerwehrkostheim.de\/index.php?rest_route=\/wp\/v2\/posts\/5236\/revisions"}],"predecessor-version":[{"id":5237,"href":"https:\/\/www.feuerwehrkostheim.de\/index.php?rest_route=\/wp\/v2\/posts\/5236\/revisions\/5237"}],"wp:attachment":[{"href":"https:\/\/www.feuerwehrkostheim.de\/index.php?rest_route=%2Fwp%2Fv2%2Fmedia&parent=5236"}],"wp:term":[{"taxonomy":"category","embeddable":true,"href":"https:\/\/www.feuerwehrkostheim.de\/index.php?rest_route=%2Fwp%2Fv2%2Fcategories&post=5236"},{"taxonomy":"post_tag","embeddable":true,"href":"https:\/\/www.feuerwehrkostheim.de\/index.php?rest_route=%2Fwp%2Fv2%2Ftags&post=5236"}],"curies":[{"name":"wp","href":"https:\/\/api.w.org\/{rel}","templated":true}]}}