{"id":5222,"date":"2019-06-17T18:58:43","date_gmt":"2019-06-17T17:58:43","guid":{"rendered":"https:\/\/www.feuerwehrkostheim.de\/?p=5222"},"modified":"2019-06-17T18:58:43","modified_gmt":"2019-06-17T17:58:43","slug":"waldbranduebung-von-einsatzabteilung-und-jugendfeuerwehr","status":"publish","type":"post","link":"https:\/\/www.feuerwehrkostheim.de\/?p=5222","title":{"rendered":"Waldbrand\u00fcbung von Einsatzabteilung und Jugendfeuerwehr"},"content":{"rendered":"<p>In Zeiten, wo das Thema Waldbr\u00e4nde eine immer gr\u00f6\u00dfere Bedeutung bei den Feuerwehren gewinnt, steht es au\u00dfer Frage, sich auf diese spezielle Art der Eins\u00e4tze vorzubereiten. Die Kostheimer Wehr nutzte eine gemeinsame Tages\u00fcbung zusammen mit dem Nachwuchs aus der Jugendfeuerwehr, um die vielf\u00e4ltigen Herausforderungen solcher nicht allt\u00e4glicher Eins\u00e4tze praktisch zu be\u00fcben.<\/p>\n<p><img decoding=\"async\" class=\"aligncenter size-medium\" style=\"border: 4px solid #D8D8D8;\" src=\"https:\/\/live.staticflickr.com\/65535\/48080693812_672a38841e.jpg\" height=\"207\" \/><\/p>\n<p><img decoding=\"async\" class=\"alignright size-medium\" style=\"border: 4px solid #D8D8D8;\" src=\"https:\/\/live.staticflickr.com\/65535\/48080787557_dcdfeb6ea7_n.jpg\" height=\"240\" \/>Angenommen wurde ein auf etwa 250 Quadratmeter loderndes Waldfeuer n\u00f6rdlich des Dotzheimer Friedhofes. Durch die anspruchsvolle Lage, fernab der regul\u00e4ren Wasserversorgung, galt es nicht nur, das Feuer im Wald in Schach zu halten, sondern auch eine sichere L\u00f6schwasserversorgung aufzubauen. Neben dem praktischen feuerwehrtechnischen Anteil dieser \u00dcbung, war zudem auch die Arbeit mit diversem Kartenmaterial zur genaueren Orientierung ein wichtiger Bestandteil.<\/p>\n<p><!--more--><\/p>\n<p><img decoding=\"async\" class=\"alignleft size-medium\" style=\"border: 4px solid #D8D8D8;\" src=\"https:\/\/live.staticflickr.com\/65535\/48080727403_8a917bdaf6_n.jpg\" height=\"320\" \/>W\u00e4hrend das erste L\u00f6schfahrzeug nach Erreichen der angenommenen Brandstelle im Wald damit besch\u00e4ftigt war, mittels des auf dem Fahrzeug vorhandenen Wassers eine weitere Ausbreitung durch die Vornahme von zwei D-Rohren zu verhindern, baute man mit dem LF-16-TS die Wasserversorgung auf. Der Gro\u00dfteil der knapp 800 Meter langen Schlauchleitung verlegte man mit Rollschl\u00e4uchen, bis zur weiteren Verst\u00e4rkung ein Schlauchwagen (SW-2000) mit eingesetzt werden konnte. Zwischenzeitlich traf auch ein weiteres wasserf\u00fchrendes L\u00f6schfahrzeug am Ort des imagin\u00e4ren Feuers ein und unterst\u00fctze die L\u00f6scharbeiten, die von der ersteintreffenden Mannschaft begonnen wurden. Nur etwa 25 Minuten nach \u00dcbungsbeginn konnte die Sicherstellung der Wasserversorgung vermeldet werden. Das gab den Kr\u00e4ften im Wald nun endg\u00fcltig die M\u00f6glichkeit einen umfassenden L\u00f6schangriff vorzunehmen.<\/p>\n<p><img decoding=\"async\" class=\"alignright size-medium\" style=\"border: 4px solid #D8D8D8;\" src=\"https:\/\/live.staticflickr.com\/65535\/48080738062_97e2ec2368_n.jpg\" height=\"213\" \/>Nach dem Erreichen des \u00dcbungszieles und vor dem umfangreichen Abbau des Materials, versammelte man sich, um die gemachten Erfahrungen auszutauschen. Bevor man aber zum gem\u00fctlichen Ausklang im Ger\u00e4tehaus bei frisch Gegrilltem \u00fcbergehen konnte, mussten die benutzten Schl\u00e4uche wieder gegen Frische ausgetauscht und die sonstigen Ger\u00e4tschaften samt der Fahrzeuge gereinigt werden. Da die \u00dcbung nicht nur mit der Einsatzabteilung, sondern auch mit dem Nachwuchs aus der Jugendfeuerwehr in gemischten Gruppen durchgef\u00fchrt wurde, war man auf weitere Fahrzeuge anderer Wehren angewiesen. Von der FF Biebrich konnte der SW2000 und von der FF Schierstein ein weiteres L\u00f6schfahrzeug ausgeliehen werden.<\/p>\n<p>[FAGP id=5225]<\/p>\n","protected":false},"excerpt":{"rendered":"<p>In Zeiten, wo das Thema Waldbr\u00e4nde eine immer gr\u00f6\u00dfere Bedeutung bei den Feuerwehren gewinnt, steht es au\u00dfer Frage, sich auf diese spezielle Art der Eins\u00e4tze vorzubereiten. Die Kostheimer Wehr nutzte eine gemeinsame Tages\u00fcbung zusammen mit dem Nachwuchs aus der Jugendfeuerwehr, um die vielf\u00e4ltigen Herausforderungen solcher nicht allt\u00e4glicher Eins\u00e4tze praktisch zu be\u00fcben. Angenommen wurde ein auf [&hellip;]<\/p>\n","protected":false},"author":1,"featured_media":0,"comment_status":"closed","ping_status":"open","sticky":false,"template":"","format":"standard","meta":{"_et_pb_use_builder":"","_et_pb_old_content":"","_et_gb_content_width":"","_crdt_document":"","footnotes":""},"categories":[4,7],"tags":[1222,1221,105,883,1219,1220],"class_list":["post-5222","post","type-post","status-publish","format-standard","hentry","category-einsatzabteilung","category-jugendfeuerwehr","tag-schlauchwagen","tag-sw","tag-ubung","tag-waldbrand","tag-wasserfoerderung","tag-wegstrecke"],"_links":{"self":[{"href":"https:\/\/www.feuerwehrkostheim.de\/index.php?rest_route=\/wp\/v2\/posts\/5222","targetHints":{"allow":["GET"]}}],"collection":[{"href":"https:\/\/www.feuerwehrkostheim.de\/index.php?rest_route=\/wp\/v2\/posts"}],"about":[{"href":"https:\/\/www.feuerwehrkostheim.de\/index.php?rest_route=\/wp\/v2\/types\/post"}],"author":[{"embeddable":true,"href":"https:\/\/www.feuerwehrkostheim.de\/index.php?rest_route=\/wp\/v2\/users\/1"}],"replies":[{"embeddable":true,"href":"https:\/\/www.feuerwehrkostheim.de\/index.php?rest_route=%2Fwp%2Fv2%2Fcomments&post=5222"}],"version-history":[{"count":2,"href":"https:\/\/www.feuerwehrkostheim.de\/index.php?rest_route=\/wp\/v2\/posts\/5222\/revisions"}],"predecessor-version":[{"id":5226,"href":"https:\/\/www.feuerwehrkostheim.de\/index.php?rest_route=\/wp\/v2\/posts\/5222\/revisions\/5226"}],"wp:attachment":[{"href":"https:\/\/www.feuerwehrkostheim.de\/index.php?rest_route=%2Fwp%2Fv2%2Fmedia&parent=5222"}],"wp:term":[{"taxonomy":"category","embeddable":true,"href":"https:\/\/www.feuerwehrkostheim.de\/index.php?rest_route=%2Fwp%2Fv2%2Fcategories&post=5222"},{"taxonomy":"post_tag","embeddable":true,"href":"https:\/\/www.feuerwehrkostheim.de\/index.php?rest_route=%2Fwp%2Fv2%2Ftags&post=5222"}],"curies":[{"name":"wp","href":"https:\/\/api.w.org\/{rel}","templated":true}]}}