{"id":5197,"date":"2019-06-05T16:44:42","date_gmt":"2019-06-05T15:44:42","guid":{"rendered":"https:\/\/www.feuerwehrkostheim.de\/?p=5197"},"modified":"2019-06-05T16:44:42","modified_gmt":"2019-06-05T15:44:42","slug":"brand-in-der-abluftanlage-einer-papiermaschine","status":"publish","type":"post","link":"https:\/\/www.feuerwehrkostheim.de\/?p=5197","title":{"rendered":"Brand in der Abluftanlage einer Papiermaschine"},"content":{"rendered":"<p><img loading=\"lazy\" decoding=\"async\" class=\"alignleft\" title=\"Einsatz-Logo\" src=\"https:\/\/www.feuerwehrkostheim.de\/wp-content\/bilder\/sonstige\/logo_einsatz.jpg\" alt=\"Einsatz-Logo\" width=\"100\" height=\"100\" \/><strong>05. Juni 2019 &#8211; 00:44 Uhr<\/strong><br \/>\n<strong>Hauptstra\u00dfe 1<\/strong><br \/>\nFF-Einheit<br \/>\nEinsatz 39 &#8211; 2019<\/p>\n<p>In der Nacht auf Mittwoch wurde die Kostheimer Feuerwehr zusammen mit dem L\u00f6schzug der Berufsfeuerwehr zur Unterst\u00fctzung der internen Werkfeuerwehr ins Papierwerk im Kostheimer Osten alarmiert. Grund hierf\u00fcr war ein Brand in der Abluftanlage einer Papiermaschine. Aufgrund der Weitl\u00e4ufigkeit sowie des Umfanges der zu \u00f6ffnenden Leitungen, waren &#8211; zum Eigenschutz der Kr\u00e4fte &#8211; mehrere Trupps unter Atemschutz eingesetzt. Personell verst\u00e4rkte man die schon vor Ort aktiven Einheiten durch das Nachalarmieren der Wehren Kastel und Delkenheim. Unter Zuhilfenahme von Steckleitern \u00f6ffnete man nach und nach die Revisions\u00f6ffungen der betroffenen Anlagenbereiche, kontrollierte diese und l\u00f6schte vorhandene Glutnester ab. Durch das schnelle Eingreifen der Feuerwehr konnte ein gr\u00f6\u00dferes Schadensfeuer verhindert werden. Da der Schwelbrand sich innerhalb der Rohrleitungen befand, war zu keiner Zeit offenes Feuer vorhanden. Nach dreieinhalb Stunden waren die Arbeiten beendet und die Einsatzstelle konnte der Werkfeuerwehr \u00fcbergeben werden.<\/p>\n","protected":false},"excerpt":{"rendered":"<p>05. Juni 2019 &#8211; 00:44 Uhr Hauptstra\u00dfe 1 FF-Einheit Einsatz 39 &#8211; 2019 In der Nacht auf Mittwoch wurde die Kostheimer Feuerwehr zusammen mit dem L\u00f6schzug der Berufsfeuerwehr zur Unterst\u00fctzung der internen Werkfeuerwehr ins Papierwerk im Kostheimer Osten alarmiert. Grund hierf\u00fcr war ein Brand in der Abluftanlage einer Papiermaschine. Aufgrund der Weitl\u00e4ufigkeit sowie des Umfanges [&hellip;]<\/p>\n","protected":false},"author":1,"featured_media":0,"comment_status":"closed","ping_status":"open","sticky":false,"template":"","format":"standard","meta":{"_et_pb_use_builder":"","_et_pb_old_content":"","_et_gb_content_width":"","_crdt_document":"","footnotes":""},"categories":[5],"tags":[1216,1167,31,530,228,38],"class_list":["post-5197","post","type-post","status-publish","format-standard","hentry","category-einsatze","tag-abluftleitung","tag-essity","tag-feuer","tag-papiermaschine","tag-papierwerk","tag-werkfeuerwehr"],"_links":{"self":[{"href":"https:\/\/www.feuerwehrkostheim.de\/index.php?rest_route=\/wp\/v2\/posts\/5197","targetHints":{"allow":["GET"]}}],"collection":[{"href":"https:\/\/www.feuerwehrkostheim.de\/index.php?rest_route=\/wp\/v2\/posts"}],"about":[{"href":"https:\/\/www.feuerwehrkostheim.de\/index.php?rest_route=\/wp\/v2\/types\/post"}],"author":[{"embeddable":true,"href":"https:\/\/www.feuerwehrkostheim.de\/index.php?rest_route=\/wp\/v2\/users\/1"}],"replies":[{"embeddable":true,"href":"https:\/\/www.feuerwehrkostheim.de\/index.php?rest_route=%2Fwp%2Fv2%2Fcomments&post=5197"}],"version-history":[{"count":1,"href":"https:\/\/www.feuerwehrkostheim.de\/index.php?rest_route=\/wp\/v2\/posts\/5197\/revisions"}],"predecessor-version":[{"id":5198,"href":"https:\/\/www.feuerwehrkostheim.de\/index.php?rest_route=\/wp\/v2\/posts\/5197\/revisions\/5198"}],"wp:attachment":[{"href":"https:\/\/www.feuerwehrkostheim.de\/index.php?rest_route=%2Fwp%2Fv2%2Fmedia&parent=5197"}],"wp:term":[{"taxonomy":"category","embeddable":true,"href":"https:\/\/www.feuerwehrkostheim.de\/index.php?rest_route=%2Fwp%2Fv2%2Fcategories&post=5197"},{"taxonomy":"post_tag","embeddable":true,"href":"https:\/\/www.feuerwehrkostheim.de\/index.php?rest_route=%2Fwp%2Fv2%2Ftags&post=5197"}],"curies":[{"name":"wp","href":"https:\/\/api.w.org\/{rel}","templated":true}]}}